{"id":6100,"date":"2015-01-14T17:11:22","date_gmt":"2015-01-14T17:11:22","guid":{"rendered":"http:\/\/franns.de\/?p=6100"},"modified":"2015-01-14T17:11:22","modified_gmt":"2015-01-14T17:11:22","slug":"jubilaum-und-einweihung","status":"publish","type":"post","link":"http:\/\/franns.de\/?p=6100","title":{"rendered":"Jubil\u00e4um und Einweihung"},"content":{"rendered":"<p><a href=\"http:\/\/franns.de\/wp-content\/uploads\/2015\/01\/rmm-jubilaeum-2014-a.jpg\"><img decoding=\"async\" loading=\"lazy\" class=\"alignnone size-full wp-image-6090\" title=\"rmm-jubilaeum-2014-a\" src=\"http:\/\/franns.de\/wp-content\/uploads\/2015\/01\/rmm-jubilaeum-2014-a.jpg\" alt=\"\" width=\"480\" height=\"220\" srcset=\"http:\/\/franns.de\/wp-content\/uploads\/2015\/01\/rmm-jubilaeum-2014-a.jpg 480w, http:\/\/franns.de\/wp-content\/uploads\/2015\/01\/rmm-jubilaeum-2014-a-300x137.jpg 300w\" sizes=\"(max-width: 480px) 100vw, 480px\" \/><\/a><\/p>\n<p>Am\u00a0 18.10.2014 feierte der Baggerbetrieb- und Containerdienst\u00a0 RMM\u00a0 sein Betriebsjubil\u00e4um mit Einweihungsfeier des neuen Betriebsgel\u00e4ndes. Vor 10 Jahren \u00fcbernahmen Andreas und Robert M\u00fcller die Firma ihres Vaters, aus der die heutige RMM GmbH entstand. Durch Investitionen vergr\u00f6\u00dferte sich der Betrieb schnell und zog vor vier Jahren auf sein neues Firmengel\u00e4nde ins s\u00fcdliche Gewerbegebiet an an der Auer Stra\u00dfe.<\/p>\n<p>Zum Jubil\u00e4um w\u00fcnscht man sich statt Geschenken eine Spende, die dem <strong>Kindergarten Sandelzhausen sowie der Mittelschule Mainburg<\/strong> zugute kamen.<\/p>\n<p><strong>Mehr: <\/strong><br \/>\n<a href=\"http:\/\/www.rmm-containerdienst.de\" target=\"_blank\">www.rmm-containerdienst.de<\/a><\/p>\n<p><a href=\"http:\/\/franns.de\/wp-content\/uploads\/2015\/01\/rmm-jubilaeum-2014-b.jpg\"><img decoding=\"async\" loading=\"lazy\" class=\"alignnone size-full wp-image-6084\" title=\"rmm-jubilaeum-2014-b\" src=\"http:\/\/franns.de\/wp-content\/uploads\/2015\/01\/rmm-jubilaeum-2014-b.jpg\" alt=\"\" width=\"480\" height=\"313\" srcset=\"http:\/\/franns.de\/wp-content\/uploads\/2015\/01\/rmm-jubilaeum-2014-b.jpg 480w, http:\/\/franns.de\/wp-content\/uploads\/2015\/01\/rmm-jubilaeum-2014-b-300x195.jpg 300w\" sizes=\"(max-width: 480px) 100vw, 480px\" \/><\/a><\/p>\n<p>Spende an Kindergarten Sandelzhausen und Mittelschule Mainburg<\/p>\n","protected":false},"excerpt":{"rendered":"<p class=\"qua-blog-post-description\">Baggerbetrieb- und Containerdienst RMM feiert<\/p>\n","protected":false},"author":1,"featured_media":0,"comment_status":"closed","ping_status":"open","sticky":false,"template":"","format":"standard","meta":{"footnotes":""},"categories":[11,4],"tags":[],"_links":{"self":[{"href":"http:\/\/franns.de\/index.php?rest_route=\/wp\/v2\/posts\/6100"}],"collection":[{"href":"http:\/\/franns.de\/index.php?rest_route=\/wp\/v2\/posts"}],"about":[{"href":"http:\/\/franns.de\/index.php?rest_route=\/wp\/v2\/types\/post"}],"author":[{"embeddable":true,"href":"http:\/\/franns.de\/index.php?rest_route=\/wp\/v2\/users\/1"}],"replies":[{"embeddable":true,"href":"http:\/\/franns.de\/index.php?rest_route=%2Fwp%2Fv2%2Fcomments&post=6100"}],"version-history":[{"count":1,"href":"http:\/\/franns.de\/index.php?rest_route=\/wp\/v2\/posts\/6100\/revisions"}],"predecessor-version":[{"id":6101,"href":"http:\/\/franns.de\/index.php?rest_route=\/wp\/v2\/posts\/6100\/revisions\/6101"}],"wp:attachment":[{"href":"http:\/\/franns.de\/index.php?rest_route=%2Fwp%2Fv2%2Fmedia&parent=6100"}],"wp:term":[{"taxonomy":"category","embeddable":true,"href":"http:\/\/franns.de\/index.php?rest_route=%2Fwp%2Fv2%2Fcategories&post=6100"},{"taxonomy":"post_tag","embeddable":true,"href":"http:\/\/franns.de\/index.php?rest_route=%2Fwp%2Fv2%2Ftags&post=6100"}],"curies":[{"name":"wp","href":"https:\/\/api.w.org\/{rel}","templated":true}]}}