{"id":6068,"date":"2015-01-05T19:23:22","date_gmt":"2015-01-05T19:23:22","guid":{"rendered":"http:\/\/franns.de\/?p=6068"},"modified":"2015-01-05T19:23:22","modified_gmt":"2015-01-05T19:23:22","slug":"5-hallertauer-us-car-und-harleytreffen-11-12-juli-2015","status":"publish","type":"post","link":"http:\/\/franns.de\/?p=6068","title":{"rendered":"5. HALLERTAUER US-CAR- UND  HARLEYTREFFEN 11.\/12. Juli 2015"},"content":{"rendered":"<p><a href=\"http:\/\/franns.de\/wp-content\/uploads\/2015\/01\/us-car-treffen-mainburg-2015.jpg\"><img decoding=\"async\" loading=\"lazy\" class=\"alignnone size-full wp-image-6060\" title=\"us-car-treffen-mainburg-2015\" src=\"http:\/\/franns.de\/wp-content\/uploads\/2015\/01\/us-car-treffen-mainburg-2015.jpg\" alt=\"\" width=\"480\" height=\"220\" srcset=\"http:\/\/franns.de\/wp-content\/uploads\/2015\/01\/us-car-treffen-mainburg-2015.jpg 480w, http:\/\/franns.de\/wp-content\/uploads\/2015\/01\/us-car-treffen-mainburg-2015-300x137.jpg 300w\" sizes=\"(max-width: 480px) 100vw, 480px\" \/><\/a><\/p>\n<p>Die Planung f\u00fcr das 5. Treffen w\u00e4hrend des Mainburger Hopfenfestes sind angelaufen. Beim letzten Treffen 2013 kamen rund 12.000 Besucher, um die \u00fcber 1.000 Fahrzeuge zu bestaunen. 2015 wird es neben den Autos und Motorr\u00e4dern auch wieder eine H\u00e4ndlermeile und verschieden St\u00e4nde geben. Wir freuen uns schon auf diese Bereicherung!<\/p>\n<p><strong>Mehr: <\/strong><br \/>\n<a href=\"http:\/\/www.us-car-hallertau.de\" target=\"_blank\">www.us-car-hallertau.de<\/a><\/p>\n<p><strong>Event auf Facebook: <\/strong><br \/>\n<a href=\"http:\/\/www.facebook.com\/events\/701805346564201\" target=\"_blank\">www.facebook.com\/events\/701805346564201<\/a><\/p>\n","protected":false},"excerpt":{"rendered":"<p class=\"qua-blog-post-description\">Nach einem Jahr Pause ist eines der gr\u00f6\u00dften US-Car-Treffen wieder zur\u00fcck in Mainburg<\/p>\n","protected":false},"author":1,"featured_media":0,"comment_status":"closed","ping_status":"open","sticky":false,"template":"","format":"standard","meta":{"footnotes":""},"categories":[11,6,4],"tags":[],"_links":{"self":[{"href":"http:\/\/franns.de\/index.php?rest_route=\/wp\/v2\/posts\/6068"}],"collection":[{"href":"http:\/\/franns.de\/index.php?rest_route=\/wp\/v2\/posts"}],"about":[{"href":"http:\/\/franns.de\/index.php?rest_route=\/wp\/v2\/types\/post"}],"author":[{"embeddable":true,"href":"http:\/\/franns.de\/index.php?rest_route=\/wp\/v2\/users\/1"}],"replies":[{"embeddable":true,"href":"http:\/\/franns.de\/index.php?rest_route=%2Fwp%2Fv2%2Fcomments&post=6068"}],"version-history":[{"count":1,"href":"http:\/\/franns.de\/index.php?rest_route=\/wp\/v2\/posts\/6068\/revisions"}],"predecessor-version":[{"id":6069,"href":"http:\/\/franns.de\/index.php?rest_route=\/wp\/v2\/posts\/6068\/revisions\/6069"}],"wp:attachment":[{"href":"http:\/\/franns.de\/index.php?rest_route=%2Fwp%2Fv2%2Fmedia&parent=6068"}],"wp:term":[{"taxonomy":"category","embeddable":true,"href":"http:\/\/franns.de\/index.php?rest_route=%2Fwp%2Fv2%2Fcategories&post=6068"},{"taxonomy":"post_tag","embeddable":true,"href":"http:\/\/franns.de\/index.php?rest_route=%2Fwp%2Fv2%2Ftags&post=6068"}],"curies":[{"name":"wp","href":"https:\/\/api.w.org\/{rel}","templated":true}]}}