{"id":4515,"date":"2013-08-27T14:07:29","date_gmt":"2013-08-27T14:07:29","guid":{"rendered":"http:\/\/franns.de\/?p=4515"},"modified":"2013-08-28T16:30:11","modified_gmt":"2013-08-28T16:30:11","slug":"neuer-trend-einfach-mal-wahlen-gehen","status":"publish","type":"post","link":"http:\/\/franns.de\/?p=4515","title":{"rendered":"Neuer Trend: einfach mal w\u00e4hlen gehen"},"content":{"rendered":"<p><a href=\"http:\/\/franns.de\/wp-content\/uploads\/2013\/08\/landtagswahl-2013-mainburg.jpg\"><img decoding=\"async\" loading=\"lazy\" class=\"alignnone size-full wp-image-4509\" title=\"landtagswahl-2013-mainburg\" src=\"http:\/\/franns.de\/wp-content\/uploads\/2013\/08\/landtagswahl-2013-mainburg.jpg\" alt=\"\" width=\"480\" height=\"220\" srcset=\"http:\/\/franns.de\/wp-content\/uploads\/2013\/08\/landtagswahl-2013-mainburg.jpg 480w, http:\/\/franns.de\/wp-content\/uploads\/2013\/08\/landtagswahl-2013-mainburg-300x137.jpg 300w\" sizes=\"(max-width: 480px) 100vw, 480px\" \/><\/a><\/p>\n<p>Alle f\u00fcnf Jahre werden die Vertreter f\u00fcr den<a href=\"http:\/\/www.bayern.landtag.de\/de\/index.php\" target=\"_blank\"> <span style=\"color: #000000;\"><strong>bayerischen Landtag<\/strong><\/span><\/a> gew\u00e4hlt. Dort werden Gesetze f\u00fcr ganz Bayern und der Haushalt (wof\u00fcr werden die Steuergelder ausgegeben) verabschiedet.<\/p>\n<p>Und weil die Leute in Niederbayern vielleicht doch bissl andere Vorstellungen von ihren lokalen Belangen haben als die Leute in Oberfranken, werden <span style=\"color: #000000;\"><strong>zus\u00e4tzlich noch die Bezirkstage<\/strong><\/span> gew\u00e4hlt. F\u00fcr Mainburg sind \u2013 nat\u00fcrlich \u2013 die Vertreter f\u00fcr den <a href=\"http:\/\/www.bezirk-niederbayern.de\/default.asp?pid=166\" target=\"_blank\">Bezirk Niederbayern<\/a> wichtig.<\/p>\n<p><span style=\"color: #000000;\"><strong>Hier nochmal zusammengefasst, was ihr am 15.09.2013 w\u00e4hlt: <\/strong><\/span><\/p>\n<p>1. <a href=\"http:\/\/www.bayern.landtag.de\/de\/index.php\" target=\"_blank\">Bayerischen Landtag<\/a><\/p>\n<p>2. <a href=\"http:\/\/www.bezirk-niederbayern.de\/default.asp?pid=166\" target=\"_blank\">Bezirkstag Niederbayern<\/a><\/p>\n<p>3. Volksentscheide:<br \/>\n\u00fcber ein paar Volksentscheide d\u00fcrft ihr am selben Tag auch abstimmen. Diese hier: <a href=\"http:\/\/www.wahlen.bayern.de\/volksentscheide\/2013_inhalt.htm\" target=\"_blank\">www.wahlen.bayern.de<\/a><\/p>\n<p><span style=\"color: #000000;\"><strong>Hier 3 hilfreiche Links:<\/strong><\/span><br \/>\n<a href=\"http:\/\/www.wahl-o-mat.de\/bayern2013\/\" target=\"_blank\">www.wahl-o-mat.de<\/a> (unser Tipp, weil sehr \u00fcbersichtlich)<br \/>\n<a href=\"http:\/\/de.wikipedia.org\/wiki\/Bayerischer_Landtag\" target=\"_blank\">http:\/\/de.wikipedia.org\/wiki\/Bayerischer_Landtag<\/a><br \/>\n<a href=\"http:\/\/www.br.de\/wahl\/landtagswahl-bayern-2013-100.html\" target=\"_blank\">www.br.de\/wahl\/landtagswahl-bayern-2013-100.html<\/a><\/p>\n<p>&#8212;&#8212;&#8212;&#8212;&#8212;&#8212;&#8212;&#8212;&#8212;&#8212;&#8212;&#8212;&#8212;&#8212;&#8212;&#8212;&#8212;&#8212;&#8212;&#8212;&#8212;&#8212;&#8212;&#8212;&#8212;&#8212;&#8212;&#8212;&#8212;&#8212;&#8212;&#8212;&#8212;&#8212;&#8212;<\/p>\n<p><span style=\"color: #ff0000;\"><strong>VORSICHT, jetzt kommt viel TEXT! <\/strong><\/span><br \/>\n<span style=\"color: #000000;\"> Im folgenden die Informations-Zeilen, die uns das Landratsamt Kelheim zu diesem Thema geschickt hat:<\/span><\/p>\n<p><strong>Landtags- und Bezirkswahl sowie Volksentscheide am 15. September 2013<\/strong><\/p>\n<p><strong>Allgemeine Informationen<\/strong><br \/>\nDer Landkreis Kelheim bildet bei der Landtags- und Bezirkswahl am 15. September 2013 den Stimmkreis 203 Kelheim.<\/p>\n<p>Der Leiter des Wahlkreises Niederbayern, Regierungspr\u00e4sident Heinz Grunwald, ernannte Frau Oberregierungsr\u00e4tin Astrid Heuberger zur Stimmkreisleiterin und Herrn Verwaltungsoberinspektor Franz Sixt zu deren Stellvertreter.<\/p>\n<p>Die Stimmkreisleiterin sorgt f\u00fcr die ordnungsgem\u00e4\u00dfe Vorbereitung und Durchf\u00fchrung der Wahlen im Stimmkreis Kelheim. Insbesondere hat sie die vorl\u00e4ufigen Ergebnisse der Landtagswahl und der Bezirkswahl sowie f\u00fcr die Volksentscheide f\u00fcr den Stimmkreis zu ermitteln und die Feststellung der endg\u00fcltigen Ergebnisse durch den Stimmkreisausschuss vorzubereiten.<\/p>\n<p>In ihrer Funktion als Stimmkreisleiterin f\u00fchrt Frau Heuberger auch den Vorsitz im Stimmkreisausschuss, der die endg\u00fcltigen Wahlergebnisse bzw. Abstimmungs-ergebnisse f\u00fcr den Stimmkreis Kelheim feststellen wird. Neben der Vorsitzenden besteht der Stimmkreisausschuss aus sechs stimmberechtigten Beisitzern, welche aus den Parteien und W\u00e4hlergruppen nach der Reihenfolge ihrer im Stimmkreis bei der letzten Landtagswahl erreichten Stimmenzahlen ausgew\u00e4hlt werden.<\/p>\n<p>Gleichzeitig mit der Landtags- und Bezirkswahl finden am 15. September 2013 auch f\u00fcnf Volksentscheide \u00fcber Verfassungs\u00e4nderungen statt. Die Stimmkreisleiterin fungiert hierbei gleichzeitig als Abstimmungsleiterin, der Stimmkreisausschuss gleichzeitig als Abstimmungsausschuss.<\/p>\n<p>Weitere Informationen zu den Wahlen am 15. September 2013, wie z. B. Bekanntmachungen usw. finden Sie auch auf der Internetseite des Landkreises Kelheim (<a href=\"http:\/\/www.landkreis-kelheim.de\/\" target=\"_blank\">www.landkreis-kelheim.de<\/a>) unter der Rubrik \u201ePolitik und Verantwortung\u201c, Unterrubrik \u201eWahlen\u201c.<\/p>\n<p>F\u00fcr weitere, \u00fcberregionale Informationen zu den Wahlen verweisen wir auf den Internetauftritt des Landeswahlleiters unter der Adresse <a href=\"http:\/\/www.wahlen.bayern.de\" target=\"_blank\">www.wahlen.bayern.de<\/a><\/p>\n<p><strong>Wann ist die Wahl?<\/strong><br \/>\nDie Landtags- und Bezirkswahl sowie die Volksentscheide finden am Sonntag, den<br \/>\n15. September 2013 statt. Die Wahllokale sind an diesem Tag von 8 bis 18 Uhr ge\u00f6ffnet.<\/p>\n<p><strong>Wer darf w\u00e4hlen?<\/strong><br \/>\nBei der Landtags- und Bezirkswahl sind alle deutschen Staatsb\u00fcrger wahlberechtigt, die am Wahltag das 18. Lebensjahr vollendet haben und seit mindestens drei Monaten in Bayern (f\u00fcr die Landtagswahl und die Volksentscheide) bzw. im Regierungsbezirk Niederbayern (f\u00fcr die Bezirkswahl) ihre Wohnung, bei mehreren Wohnungen ihre Hauptwohnung, haben oder sich sonst gew\u00f6hnlich in Bayern bzw. im Regierungsbezirk aufhalten.<\/p>\n<p>Im Landkreis Kelheim d\u00fcrfen am 15. September 2013 ca. 87.000 B\u00fcrgerinnen und B\u00fcrger an der Landtags- und Bezirkswahl und an der Abstimmung \u00fcber die f\u00fcnf Verfassungs\u00e4nderungen teilnehmen.<\/p>\n<p><strong>Wer wird gew\u00e4hlt?<\/strong><br \/>\nDer Landtag besteht aus 180 Abgeordneten und wird f\u00fcr die Dauer von f\u00fcnf Jahren gew\u00e4hlt. Die Zahl der Abgeordneten kann sich durch \u00dcberhang- und Ausgleichsmandate erh\u00f6hen.<\/p>\n<p>In Bayern werden 90 Abgeordnete in den Stimmkreisen direkt gew\u00e4hlt, die restlichen 90 Abgeordneten werden aus den Wahlkreislisten gew\u00e4hlt. 18 Abgeordnete entfallen dabei auf den Wahlkreis Niederbayern.<\/p>\n<p>Der Landtag ist als Volksvertretung ein zentrales Verfassungsorgan des Freistaates Bayern und wirkt u. a. bei der Regierungsbildung mit. Weitere Aufgaben sind die Gesetzgebung sowie die Kontrolle von Regierung und Verwaltung.<\/p>\n<p>Zusammen mit der Landtagswahl finden in Bayern auch die Wahlen f\u00fcr die sieben bayerischen Bezirkstage statt. Der Bezirkstag Niederbayern besteht aus 18 Bezirksr\u00e4ten, die (wie bei der Landtagswahl) zur H\u00e4lfte direkt in den Stimmkreisen, zur anderen H\u00e4lfte \u00fcber die Wahlkreislisten gew\u00e4hlt werden. Die Bezirke erf\u00fcllen jedoch nicht Aufgaben der Staatst\u00e4tigkeit, sondern sind kommunale K\u00f6rperschaften mit dem Recht, die eigenen Angelegenheiten selbst zu regeln und sind damit die \u201edritte kommunale Ebene\u201c in Bayern. Sie erledigen die kommunalen Aufgaben, welche die Gemeinden und Landkreise aufgrund des Einzugsbereichs und des Finanzrahmens nicht alleine bew\u00e4ltigen k\u00f6nnen (z. B. Gesundheitswesen, Sozialwesen usw.).<\/p>\n<p><strong>Wie w\u00e4hle ich?<\/strong><br \/>\nIn Bayern gibt es sieben Wahlkreise; jeder Regierungsbezirk bildet dabei einen Wahlkreis.<\/p>\n<p>Diese Wahlkreise sind wiederum in Stimmkreise eingeteilt. Stimmkreise sind die Landkreise und kreisfreien St\u00e4dte bzw., davon abweichend, \u201er\u00e4umlich zusammenh\u00e4ngende Stimmkreise\u201c. In Bayern gibt es insgesamt 90 Stimmkreise. Der Stimmkreis 203 Kelheim besteht aus dem Landkreis Kelheim.<\/p>\n<p>Gew\u00e4hlt werden darf nur in dem Stimmbezirk, f\u00fcr den die Wahlbenachrichtigung ausgestellt wurde bzw. durch Briefwahl. Im Stimmkreis Kelheim gibt es 162 Stimmbezirke und 50 Briefwahlvorst\u00e4nde.<\/p>\n<p>W\u00e4hlen kann nur, wer entweder in einem W\u00e4hlerverzeichnis einer Gemeinde eingetragen ist oder einen Wahlschein besitzt. Mit dem Wahlschein, welcher bei der jeweiligen Wohnsitzgemeinde beantragt werden muss, kann entweder in einem anderen Stimmbezirk des Stimmkreises Kelheim oder per Briefwahl gew\u00e4hlt werden. Da bei der Beantragung des Wahlscheins ab der Landtagswahl 2013 keine Gr\u00fcnde mehr angegeben werden m\u00fcssen, kann jedermann Briefwahlunterlagen beantragen. Diese werden automatisch mit dem Wahlschein versandt. Die Briefwahlunterlagen d\u00fcrfen nunmehr auch von jedem Wahlberechtigten (nicht mehr naher Familienangeh\u00f6riger) nach Vorlage einer Vollmacht in der Gemeinde abgeholt werden; ein Bevollm\u00e4chtigter darf jedoch nur maximal vier Wahlberechtigte vertreten.<\/p>\n<p>Sowohl bei der Landtagswahl als auch bei der Bezirkswahl hat jeder W\u00e4hler zwei Stimmen \u2013 eine Erststimme (kleiner Stimmzettel) und eine Zweitstimme (gro\u00dfer Stimmzettel).<\/p>\n<p>Mit der Erststimme wird ein Bewerber oder eine Bewerberin einer Partei oder W\u00e4hlergruppe f\u00fcr den Stimmkreis Kelheim gew\u00e4hlt. Diesen Bewerber\/in nennt man \u201eDirektkandidat\/in\u201c. Der W\u00e4hler kann den Kandidaten w\u00e4hlen, zu dem er einen pers\u00f6nlichen, direkten Bezug hat. Gew\u00e4hlt ist der Bewerber, der die meisten Stimmen hat.<\/p>\n<p>Mit der Zweitstimme wird ein Bewerber oder eine Bewerberin einer Partei oder W\u00e4hlergruppe auf der Wahlkreisliste gew\u00e4hlt. Der W\u00e4hler kann seine Stimme auf der Wahlkreisliste aber auch nur einer bestimmten Partei oder W\u00e4hlergruppe geben. In diesem Fall wird auf die M\u00f6glichkeit, Einfluss auf die von der Partei\/W\u00e4hlergruppe vorgegebene Reihenfolge der Kandidaten zu nehmen, verzichtet.<\/p>\n<p>Den Wahlvorschl\u00e4gen, auf die bei der Landtagswahl nicht mindestens 5 % der insgesamt abgegebenen g\u00fcltigen Stimmen entfallen, werden keine Sitze zugeteilt (sogenannte 5 %-H\u00fcrde). Bei der Bezirkswahl gibt es diese Sperrklausel dagegen nicht.<\/p>\n<p><strong>Wie wird das Wahlergebnis ermittelt?<\/strong><br \/>\nF\u00fcr jeden Wahlkreis werden die gesamten Erst- und Zweitstimmen zusammengez\u00e4hlt. Die Stimmen werden nach dem Hare-Niemeyer-Verfahren f\u00fcr die einzelnen Parteien und W\u00e4hlergruppen in Mandate umgerechnet. Von dieser Zahl werden die von ihren jeweiligen Bewerbern anhand der Erststimmen in den Stimmkreisen direkt gewonnenen Sitze abgezogen. Die verbleibenden Sitze werden an die Bewerber auf den Wahlkreislisten entsprechend ihrer Stimmenzahl verteilt.<\/p>\n<p>Dabei werden die Stimmen, die ein Stimmkreisbewerber in seinem Stimmkreis und jene, die er auf der Wahlkreisliste erhalten hat, zusammengez\u00e4hlt.<\/p>\n<p><strong>Informationen \u00fcber die Wahlergebnisse im Stimmkreis Kelheim:<\/strong><\/p>\n<p>\u00dcber die Internetseite des Landkreises Kelheim (<a href=\"http:\/\/www.landkreis-kelheim.de\" target=\"_blank\">www.landkreis-kelheim.de<\/a>) unter der Rubrik \u201ePolitik und Verantwortung\u201c, Unterrubrik \u201eWahlen \u2013 Landtagswahlen\u201c erhalten Sie am Wahlabend, ab ca. 21 Uhr Informationen \u00fcber die vorl\u00e4ufigen Teilergebnisse der Landtagswahl f\u00fcr den Stimmkreis Kelheim. Wir bitten daher von Anfragen vor 21 Uhr abzusehen.<\/p>\n<p>Das vorl\u00e4ufige Teilergebnis der Bezirkswahl sowie das Ergebnis der Volksentscheide f\u00fcr den Stimmkreis Kelheim liegen erst am Montag, den 16. September 2013, ab ca. 9 Uhr vor. Dieses erhalten Sie ebenfalls auf der oben genannten Seite unter der Unterrubrik \u201eWahlen \u2013 Bezirkswahlen bzw. Volksentscheide\u201c. Mit der Bekanntgabe eines vorl\u00e4ufigen Teilergebnisses der Bezirkswahl bzw. der Ergebnisse f\u00fcr die Volksentscheide f\u00fcr den Stimmkreis Kelheim ist deshalb am Wahlabend durch das Landratsamt nicht zu rechnen; wir bitten deshalb von etwaigen Anfragen abzusehen.<\/p>\n","protected":false},"excerpt":{"rendered":"<p class=\"qua-blog-post-description\">Denn was sollte man sonst an einem Sonntag machen<\/p>\n","protected":false},"author":1,"featured_media":0,"comment_status":"closed","ping_status":"open","sticky":false,"template":"","format":"standard","meta":{"footnotes":""},"categories":[11,6,4],"tags":[],"_links":{"self":[{"href":"http:\/\/franns.de\/index.php?rest_route=\/wp\/v2\/posts\/4515"}],"collection":[{"href":"http:\/\/franns.de\/index.php?rest_route=\/wp\/v2\/posts"}],"about":[{"href":"http:\/\/franns.de\/index.php?rest_route=\/wp\/v2\/types\/post"}],"author":[{"embeddable":true,"href":"http:\/\/franns.de\/index.php?rest_route=\/wp\/v2\/users\/1"}],"replies":[{"embeddable":true,"href":"http:\/\/franns.de\/index.php?rest_route=%2Fwp%2Fv2%2Fcomments&post=4515"}],"version-history":[{"count":11,"href":"http:\/\/franns.de\/index.php?rest_route=\/wp\/v2\/posts\/4515\/revisions"}],"predecessor-version":[{"id":4517,"href":"http:\/\/franns.de\/index.php?rest_route=\/wp\/v2\/posts\/4515\/revisions\/4517"}],"wp:attachment":[{"href":"http:\/\/franns.de\/index.php?rest_route=%2Fwp%2Fv2%2Fmedia&parent=4515"}],"wp:term":[{"taxonomy":"category","embeddable":true,"href":"http:\/\/franns.de\/index.php?rest_route=%2Fwp%2Fv2%2Fcategories&post=4515"},{"taxonomy":"post_tag","embeddable":true,"href":"http:\/\/franns.de\/index.php?rest_route=%2Fwp%2Fv2%2Ftags&post=4515"}],"curies":[{"name":"wp","href":"https:\/\/api.w.org\/{rel}","templated":true}]}}