{"id":231,"date":"2011-02-16T17:56:02","date_gmt":"2011-02-16T17:56:02","guid":{"rendered":"http:\/\/franns.de\/?p=231"},"modified":"2011-04-26T05:59:26","modified_gmt":"2011-04-26T05:59:26","slug":"jetzt-red-i-kommt-nach-mainburg","status":"publish","type":"post","link":"http:\/\/franns.de\/?p=231","title":{"rendered":"\u201cJetzt red i\u201d kommt nach Mainburg"},"content":{"rendered":"<p><a href=\"http:\/\/franns.de\/wp-content\/uploads\/2011\/02\/kultur_jetztredi.jpg\"><img decoding=\"async\" loading=\"lazy\" class=\"alignnone size-full wp-image-230\" title=\"BR - Jetzt red i kommt nach Mainburg\" src=\"http:\/\/franns.de\/wp-content\/uploads\/2011\/02\/kultur_jetztredi.jpg\" alt=\"BR - Jetzt red i kommt nach Mainburg\" width=\"480\" height=\"220\" srcset=\"http:\/\/franns.de\/wp-content\/uploads\/2011\/02\/kultur_jetztredi.jpg 480w, http:\/\/franns.de\/wp-content\/uploads\/2011\/02\/kultur_jetztredi-300x137.jpg 300w\" sizes=\"(max-width: 480px) 100vw, 480px\" \/><\/a><\/p>\n<p>Das Team von &#8222;Jetzt red i&#8220; ist unterwegs nach Mainburg im Hopfenland Hallertau.<\/p>\n<p>Wohnt ihr in der N\u00e4he oder in\u00a0Mainburg und habt ein Thema f\u00fcr &#8222;Jetzt red i&#8220;?  Gibt es Probleme, die ihr schon lange einmal den Verantwortlichen in der  Regierung vortragen wollt?<br \/>\nDann schreibt eine Mail an: <a href=\"mailto:buergersendungen@br-online.de\">buergersendungen@br-online.de<\/a><br \/>\nOder ihr ruft an: 089\/3806-5299<\/p>\n<p><strong>Details zur Sendung:<\/strong><br \/>\n<a href=\"http:\/\/www.br-online.de\/bayerisches-fernsehen\/jetzt-red-i\" target=\"_blank\">http:\/\/www.br-online.de\/bayerisches-fernsehen\/jetzt-red-i<\/a><\/p>\n<p><strong>Bericht auf Mainburg.de:<\/strong><br \/>\n<a href=\"http:\/\/www.mainburg.de\/index.php?id=3010,34\" target=\"_blank\">http:\/\/www.mainburg.de\/index.php?id=3010,34<\/a><\/p>\n<p><strong>Details:<\/strong><br \/>\n&#8211; Kartenausgabe: 24.02.2011, ab 16:00 Uhr (Nebenzimmer Christlsaal, Marktplatz 12 in Mainburg)<\/p>\n<p>&#8211; Einlass: 25.02.2011, 18:30 Uhr (Christlsaal in Mainburg)<br \/>\n&#8211; Beginn der Aufzeichnung: 19:00 Uhr (Dauer ca. 2 Stunden)<br \/>\n&#8211; Moderation: Tilmann Sch\u00f6berl<\/p>\n","protected":false},"excerpt":{"rendered":"<p class=\"qua-blog-post-description\">Euch brennt etwas unter den N\u00e4geln, was es in Mainburg voranzutreiben gilt? Die BR-Fernsehshow gibt euch die M\u00f6glichkeit es &#8222;an die gro\u00dfe Glocke&#8220; zu h\u00e4ngen.<\/p>\n","protected":false},"author":1,"featured_media":0,"comment_status":"closed","ping_status":"open","sticky":false,"template":"","format":"standard","meta":{"footnotes":""},"categories":[6],"tags":[],"_links":{"self":[{"href":"http:\/\/franns.de\/index.php?rest_route=\/wp\/v2\/posts\/231"}],"collection":[{"href":"http:\/\/franns.de\/index.php?rest_route=\/wp\/v2\/posts"}],"about":[{"href":"http:\/\/franns.de\/index.php?rest_route=\/wp\/v2\/types\/post"}],"author":[{"embeddable":true,"href":"http:\/\/franns.de\/index.php?rest_route=\/wp\/v2\/users\/1"}],"replies":[{"embeddable":true,"href":"http:\/\/franns.de\/index.php?rest_route=%2Fwp%2Fv2%2Fcomments&post=231"}],"version-history":[{"count":4,"href":"http:\/\/franns.de\/index.php?rest_route=\/wp\/v2\/posts\/231\/revisions"}],"predecessor-version":[{"id":234,"href":"http:\/\/franns.de\/index.php?rest_route=\/wp\/v2\/posts\/231\/revisions\/234"}],"wp:attachment":[{"href":"http:\/\/franns.de\/index.php?rest_route=%2Fwp%2Fv2%2Fmedia&parent=231"}],"wp:term":[{"taxonomy":"category","embeddable":true,"href":"http:\/\/franns.de\/index.php?rest_route=%2Fwp%2Fv2%2Fcategories&post=231"},{"taxonomy":"post_tag","embeddable":true,"href":"http:\/\/franns.de\/index.php?rest_route=%2Fwp%2Fv2%2Ftags&post=231"}],"curies":[{"name":"wp","href":"https:\/\/api.w.org\/{rel}","templated":true}]}}