{"id":21693,"date":"2026-04-10T13:15:43","date_gmt":"2026-04-10T13:15:43","guid":{"rendered":"http:\/\/franns.de\/?p=21693"},"modified":"2026-04-14T14:40:32","modified_gmt":"2026-04-14T14:40:32","slug":"premiere-von-mai-kino-e-v-ein-voller-erfolg","status":"publish","type":"post","link":"http:\/\/franns.de\/?p=21693","title":{"rendered":"Premiere von MAI Kino e.V. ein voller Erfolg"},"content":{"rendered":"<h4>&#8222;Ein M\u00e4dchen namens Willow&#8220; begeistert die Kinobesucher<\/h4>\n<p>Exakt 130 Kinobesucher hatten sich am 30.03.2026 in der Mainburger Stadthalle den Familienfilm &#8222;Ein M\u00e4dchen namens Willow&#8220; angesehen: einf\u00fchlsames Familienentertainment, das Botschaften \u00fcber Freundschaft, Zusammenhalt und die Verbundenheit zur Natur auf eine magische und sehr herzliche Weise vermittelte. Unter den Kinobesuchern war auch die frisch gew\u00e4hlte B\u00fcrgermeisterin Karoline Fritz-Ertlmeier mit Sohn Raphael und wurde spontan Mitglied im <a href=\"https:\/\/www.instagram.com\/mai.kinoverein\/\" target=\"_blank\" rel=\"noopener\">MAI Kino e.V.<\/a>.<\/p>\n<p>Das Technik-Team und das ganze Team von MAI Kino zauberten Kinoatmosph\u00e4re in die Mainburger Stadthalle. Aus den Reihen der Kinog\u00e4ste gab zahlreiche positive R\u00fcckmeldungen. Die aktiven Vereinsmitglieder freuten sich sehr \u00fcber den gro\u00dfen Besucherandrang. Es war ein rundum gelungener Kinostart mit Popcorn, Getr\u00e4nken, Snacks \u2013 alles zu moderaten Preisen.<\/p>\n<p><strong>N\u00e4chster Kinotag:<\/strong><br \/>\n\u2022 So. 26.04.2026,<br \/>\n\u2022 2 Filme\/Vorstellungen<br \/>\n\u2022 15.00 Uhr: Pumuckl und das gro\u00dfe Missverst\u00e4ndnis<br \/>\n\u2022 18.00 Uhr: All das Ungesagte zwischen uns<\/p>\n<p><strong>Immer aktuelle Infos zu den Terminen und Filmen:<\/strong><br \/>\n<a href=\"https:\/\/www.instagram.com\/mai.kinoverein\/\" target=\"_blank\" rel=\"noopener\">www.instagram.com\/mai.kinoverein<\/a><br \/>\n<a href=\"https:\/\/www.facebook.com\/mai.kinoverein\/\" target=\"_blank\" rel=\"noopener\">www.facebook.com\/mai.kinoverein<\/a><\/p>\n<p><a href=\"http:\/\/franns.de\/wp-content\/uploads\/2026\/04\/Mai-Kino-Verein-Premiere-Familienkino-03-2026-b.jpg\"><img decoding=\"async\" loading=\"lazy\" class=\"alignnone size-full wp-image-21695\" src=\"http:\/\/franns.de\/wp-content\/uploads\/2026\/04\/Mai-Kino-Verein-Premiere-Familienkino-03-2026-b.jpg\" alt=\"\" width=\"1140\" height=\"525\" srcset=\"http:\/\/franns.de\/wp-content\/uploads\/2026\/04\/Mai-Kino-Verein-Premiere-Familienkino-03-2026-b.jpg 1140w, http:\/\/franns.de\/wp-content\/uploads\/2026\/04\/Mai-Kino-Verein-Premiere-Familienkino-03-2026-b-300x138.jpg 300w, http:\/\/franns.de\/wp-content\/uploads\/2026\/04\/Mai-Kino-Verein-Premiere-Familienkino-03-2026-b-1024x472.jpg 1024w, http:\/\/franns.de\/wp-content\/uploads\/2026\/04\/Mai-Kino-Verein-Premiere-Familienkino-03-2026-b-768x354.jpg 768w\" sizes=\"(max-width: 1140px) 100vw, 1140px\" \/><\/a><\/p>\n<p>&nbsp;<\/p>\n<p>Fotos: MAI Kino e.V. \/ Anna-Maria Gerlsbeck,\u00a0 Rainer K\u00f6ster<\/p>\n<p>&nbsp;<\/p>\n","protected":false},"excerpt":{"rendered":"<p class=\"qua-blog-post-description\">&#8222;Ein M\u00e4dchen namens Willow&#8220; begeistert die Kinobesucher Exakt 130 Kinobesucher hatten sich am 30.03.2026 in der Mainburger Stadthalle den Familienfilm &#8222;Ein M\u00e4dchen namens Willow&#8220; angesehen: einf\u00fchlsames Familienentertainment, das Botschaften \u00fcber Freundschaft, Zusammenhalt und die Verbundenheit zur Natur auf eine magische und sehr herzliche Weise vermittelte. Unter den Kinobesuchern war auch die frisch gew\u00e4hlte B\u00fcrgermeisterin Karoline [&hellip;]<\/p>\n","protected":false},"author":1,"featured_media":21694,"comment_status":"closed","ping_status":"closed","sticky":false,"template":"","format":"standard","meta":{"footnotes":""},"categories":[11,4],"tags":[],"_links":{"self":[{"href":"http:\/\/franns.de\/index.php?rest_route=\/wp\/v2\/posts\/21693"}],"collection":[{"href":"http:\/\/franns.de\/index.php?rest_route=\/wp\/v2\/posts"}],"about":[{"href":"http:\/\/franns.de\/index.php?rest_route=\/wp\/v2\/types\/post"}],"author":[{"embeddable":true,"href":"http:\/\/franns.de\/index.php?rest_route=\/wp\/v2\/users\/1"}],"replies":[{"embeddable":true,"href":"http:\/\/franns.de\/index.php?rest_route=%2Fwp%2Fv2%2Fcomments&post=21693"}],"version-history":[{"count":5,"href":"http:\/\/franns.de\/index.php?rest_route=\/wp\/v2\/posts\/21693\/revisions"}],"predecessor-version":[{"id":21725,"href":"http:\/\/franns.de\/index.php?rest_route=\/wp\/v2\/posts\/21693\/revisions\/21725"}],"wp:featuredmedia":[{"embeddable":true,"href":"http:\/\/franns.de\/index.php?rest_route=\/wp\/v2\/media\/21694"}],"wp:attachment":[{"href":"http:\/\/franns.de\/index.php?rest_route=%2Fwp%2Fv2%2Fmedia&parent=21693"}],"wp:term":[{"taxonomy":"category","embeddable":true,"href":"http:\/\/franns.de\/index.php?rest_route=%2Fwp%2Fv2%2Fcategories&post=21693"},{"taxonomy":"post_tag","embeddable":true,"href":"http:\/\/franns.de\/index.php?rest_route=%2Fwp%2Fv2%2Ftags&post=21693"}],"curies":[{"name":"wp","href":"https:\/\/api.w.org\/{rel}","templated":true}]}}