{"id":21131,"date":"2025-09-23T21:28:53","date_gmt":"2025-09-23T21:28:53","guid":{"rendered":"http:\/\/franns.de\/?p=21131"},"modified":"2025-09-23T21:28:53","modified_gmt":"2025-09-23T21:28:53","slug":"neuen-auszubildenden-und-praktikanten-bei-der-stadt-mainburg","status":"publish","type":"post","link":"http:\/\/franns.de\/?p=21131","title":{"rendered":"Neuen Auszubildenden und Praktikanten bei der Stadt Mainburg"},"content":{"rendered":"<p>In einer freundlichen Begr\u00fc\u00dfungsrunde hie\u00df B\u00fcrgermeister Helmut Fichtner am 09.09.2025 die neuen Auszubildenden und Praktikanten der <a href=\"https:\/\/www.mainburg.de\/\" target=\"_blank\" rel=\"noopener\">Stadt Mainburg<\/a> im Rathaus willkommen. Dabei lobte er die Entscheidung der jungen Fachkr\u00e4fte, den Weg in Ihren Fachrichtungen einzuschlagen und betonte die Bereicherung durch ihre Arbeit in den Kitas und in der Stadtverwaltung.<\/p>\n<p>&nbsp;<\/p>\n<ul>\n<li>F\u00fcr den Kindergarten Sonnenschein beginnt Aijla Emini ihr sozialp\u00e4dagogisches Einf\u00fchrungsjahr (SEJ) \u2013 das erste von vier Jahren in der Ausbildung zur Erzieherin. Ebenso starten dort Njomza Asllanaj und Michael Wittmann Ihre Ausbildung als Kinderpflegepraktikant*in.<\/li>\n<li>Der Kindergarten Sandelzhausen bietet erstmals die neue Ausbildung zur Kinderpflegerin mit erh\u00f6htem Praxisanteil (KiPrax) und darf hierzu Elmedina Haxha willkommen hei\u00dfen.<\/li>\n<li>Ebenfalls eine KiPrax-Praktikantin begr\u00fc\u00dft die Kinderkrippe Spatzennest: Emily Stelljes. Zudem leistet dort Johanna Stieglbauer-Jung f\u00fcr ein Jahr ihren Bundesfreiwilligendienst.<\/li>\n<li>Im Kindergarten Schneckenheim starten Erzieherpraktikantin Lisa Fankhauser sowie die beiden Erzieherpraktikant*innen Agnieszka Rypala-Cieslik und Patrick G\u00f6rlich.<\/li>\n<li>In der Stadtverwaltung beginnt mit Melisa Yurduseven erstmal eine Kauffrau f\u00fcr B\u00fcromanagement ihre Ausbildung.<\/li>\n<\/ul>\n<p>&nbsp;<\/p>\n<p>B\u00fcrgermeister Fichtner bedankte sich bei allen Ausbildungsleitern und ermutigte die Auszubildenden, sich auf die vielf\u00e4ltigen Aufgaben zu freuen und mit Freude an die Arbeit zu gehen.<\/p>\n<p><span style=\"color: #000000;\"><strong>Im Bild<\/strong> \/ H<\/span>inten: Simone Ketterl (Leiterin Kindergarten Sonnenschein), Claudia Hausler (Ausbildungsleiterin Stadt Mainburg), Annika Meyer (Sachgebiet Soziales Stadt Mainburg), Julia Lechner (Leiterin Kinderkrippe Spatzennest), Antje Klein (Leiterin Kindergarten Sandelzhausen), B\u00fcrgermeister Helmut Fichtner \/ Vorne: Aijla Emini, Melisa Yurduseven, Johanna Stieglbauer-Jung, Emily Stelljes und Elmedina Haxha<\/p>\n<p>Foto: Christoph Kempf, Stadt Mainburg<\/p>\n<p>&nbsp;<\/p>\n","protected":false},"excerpt":{"rendered":"<p class=\"qua-blog-post-description\">In einer freundlichen Begr\u00fc\u00dfungsrunde hie\u00df B\u00fcrgermeister Helmut Fichtner am 09.09.2025 die neuen Auszubildenden und Praktikanten der Stadt Mainburg im Rathaus willkommen. Dabei lobte er die Entscheidung der jungen Fachkr\u00e4fte, den Weg in Ihren Fachrichtungen einzuschlagen und betonte die Bereicherung durch ihre Arbeit in den Kitas und in der Stadtverwaltung. &nbsp; F\u00fcr den Kindergarten Sonnenschein beginnt [&hellip;]<\/p>\n","protected":false},"author":1,"featured_media":21132,"comment_status":"closed","ping_status":"closed","sticky":false,"template":"","format":"standard","meta":{"footnotes":""},"categories":[11,4],"tags":[],"_links":{"self":[{"href":"http:\/\/franns.de\/index.php?rest_route=\/wp\/v2\/posts\/21131"}],"collection":[{"href":"http:\/\/franns.de\/index.php?rest_route=\/wp\/v2\/posts"}],"about":[{"href":"http:\/\/franns.de\/index.php?rest_route=\/wp\/v2\/types\/post"}],"author":[{"embeddable":true,"href":"http:\/\/franns.de\/index.php?rest_route=\/wp\/v2\/users\/1"}],"replies":[{"embeddable":true,"href":"http:\/\/franns.de\/index.php?rest_route=%2Fwp%2Fv2%2Fcomments&post=21131"}],"version-history":[{"count":1,"href":"http:\/\/franns.de\/index.php?rest_route=\/wp\/v2\/posts\/21131\/revisions"}],"predecessor-version":[{"id":21133,"href":"http:\/\/franns.de\/index.php?rest_route=\/wp\/v2\/posts\/21131\/revisions\/21133"}],"wp:featuredmedia":[{"embeddable":true,"href":"http:\/\/franns.de\/index.php?rest_route=\/wp\/v2\/media\/21132"}],"wp:attachment":[{"href":"http:\/\/franns.de\/index.php?rest_route=%2Fwp%2Fv2%2Fmedia&parent=21131"}],"wp:term":[{"taxonomy":"category","embeddable":true,"href":"http:\/\/franns.de\/index.php?rest_route=%2Fwp%2Fv2%2Fcategories&post=21131"},{"taxonomy":"post_tag","embeddable":true,"href":"http:\/\/franns.de\/index.php?rest_route=%2Fwp%2Fv2%2Ftags&post=21131"}],"curies":[{"name":"wp","href":"https:\/\/api.w.org\/{rel}","templated":true}]}}