{"id":20943,"date":"2025-08-09T15:14:30","date_gmt":"2025-08-09T15:14:30","guid":{"rendered":"http:\/\/franns.de\/?p=20943"},"modified":"2025-08-09T15:14:30","modified_gmt":"2025-08-09T15:14:30","slug":"30-jahre-mona","status":"publish","type":"post","link":"http:\/\/franns.de\/?p=20943","title":{"rendered":"30 Jahre MONA"},"content":{"rendered":"<p>Unter dem Motto &#8222;30 Jahre MONA \u2013 30 Jahre Menschlichkeit im Einsatz&#8220; feierte der Fachdienst PSNV (Psychosoziale Notfallversorgung) des BRK-Kreisverband Kelheim \u2013 im Landkreis Kelheim als <a href=\"https:\/\/kvkelheim.brk.de\/einsatzbereiche\/gesundheitlicher-bevoelkerungsschutz\/psychosoziale-notfallversorgung.html\" target=\"_blank\" rel=\"noopener\"><span style=\"color: #000000;\"><strong>MONA (Mobile Organisation Notfallseelsorge und Anschlussdienste)<\/strong> <\/span><\/a>bekannt \u2013 am 04.07.2025 sein 30-j\u00e4hriges Bestehen. Gemeinsam mit zahlreichen G\u00e4sten aus Politik, diversen Blaulichtorganisationen und Vereinen, befreundeten PSNV-Teams sowie Wegbegleiterinnen und Wegbegleitern blickte die MONA an diesem besonderen Abend auf drei Jahrzehnte Engagement f\u00fcr Menschen in psychischen Notlagen zur\u00fcck.<\/p>\n<p>Der Festabend begann mit einem feierlichen Empfang und einer Andacht samt anschlie\u00dfender Fahrzeugsegnung durch Pfarrvikar Florian Weindler. Beim offiziellen Festakt bot Peter Zehentner aus M\u00fcnchen einen kurzen und eindrucksvollen Einblick in die Arbeit der Psychosozialen Notfallversorgung (PSNV), bevor der Abend in geselligem Rahmen bei gutem Essen und vielen angeregten Gespr\u00e4chen ausklang.<\/p>\n<p>Ein besonderer Dank gilt den Gr\u00fcndungsmitgliedern sowie allen Kolleginnen und Kollegen der MONA und BIRLIK, die tagt\u00e4glich \u201eErste Hilfe f\u00fcr die Seele\u201c leisten und die Jubil\u00e4umsfeier mit gro\u00dfem Engagement unterst\u00fctzt haben. Ebenso bedankt sich die MONA bei dem BBW St. Franziskus Abensberg f\u00fcr die Gastfreundschaft, bei allen Helferinnen und Helfern sowie bei der musikalischen Begleitung, die zum Gelingen dieses Abends beigetragen haben.<\/p>\n<p>Und auch k\u00fcnftig wird das MONA-Team rund um die Uhr f\u00fcr die Menschen im Landkreis Kelheim da sein.<\/p>\n<p>Foto: Alexandra P\u00fcgerl<\/p>\n<p>&nbsp;<\/p>\n","protected":false},"excerpt":{"rendered":"<p class=\"qua-blog-post-description\">Unter dem Motto &#8222;30 Jahre MONA \u2013 30 Jahre Menschlichkeit im Einsatz&#8220; feierte der Fachdienst PSNV (Psychosoziale Notfallversorgung) des BRK-Kreisverband Kelheim \u2013 im Landkreis Kelheim als MONA (Mobile Organisation Notfallseelsorge und Anschlussdienste) bekannt \u2013 am 04.07.2025 sein 30-j\u00e4hriges Bestehen. Gemeinsam mit zahlreichen G\u00e4sten aus Politik, diversen Blaulichtorganisationen und Vereinen, befreundeten PSNV-Teams sowie Wegbegleiterinnen und Wegbegleitern [&hellip;]<\/p>\n","protected":false},"author":1,"featured_media":20944,"comment_status":"closed","ping_status":"closed","sticky":false,"template":"","format":"standard","meta":{"footnotes":""},"categories":[11,4],"tags":[],"_links":{"self":[{"href":"http:\/\/franns.de\/index.php?rest_route=\/wp\/v2\/posts\/20943"}],"collection":[{"href":"http:\/\/franns.de\/index.php?rest_route=\/wp\/v2\/posts"}],"about":[{"href":"http:\/\/franns.de\/index.php?rest_route=\/wp\/v2\/types\/post"}],"author":[{"embeddable":true,"href":"http:\/\/franns.de\/index.php?rest_route=\/wp\/v2\/users\/1"}],"replies":[{"embeddable":true,"href":"http:\/\/franns.de\/index.php?rest_route=%2Fwp%2Fv2%2Fcomments&post=20943"}],"version-history":[{"count":1,"href":"http:\/\/franns.de\/index.php?rest_route=\/wp\/v2\/posts\/20943\/revisions"}],"predecessor-version":[{"id":20945,"href":"http:\/\/franns.de\/index.php?rest_route=\/wp\/v2\/posts\/20943\/revisions\/20945"}],"wp:featuredmedia":[{"embeddable":true,"href":"http:\/\/franns.de\/index.php?rest_route=\/wp\/v2\/media\/20944"}],"wp:attachment":[{"href":"http:\/\/franns.de\/index.php?rest_route=%2Fwp%2Fv2%2Fmedia&parent=20943"}],"wp:term":[{"taxonomy":"category","embeddable":true,"href":"http:\/\/franns.de\/index.php?rest_route=%2Fwp%2Fv2%2Fcategories&post=20943"},{"taxonomy":"post_tag","embeddable":true,"href":"http:\/\/franns.de\/index.php?rest_route=%2Fwp%2Fv2%2Ftags&post=20943"}],"curies":[{"name":"wp","href":"https:\/\/api.w.org\/{rel}","templated":true}]}}