{"id":15445,"date":"2021-07-26T20:43:51","date_gmt":"2021-07-26T20:43:51","guid":{"rendered":"http:\/\/franns.de\/?p=15445"},"modified":"2021-07-26T20:51:13","modified_gmt":"2021-07-26T20:51:13","slug":"impfbus-ermoeglicht-spontane-impfungen-im-landkreis-kelheim","status":"publish","type":"post","link":"http:\/\/franns.de\/?p=15445","title":{"rendered":"Impfbus erm\u00f6glicht spontane Impfungen im Landkreis Kelheim"},"content":{"rendered":"<p><span style=\"color: #000000;\"><strong>Vollst\u00e4ndiger Impfschutz noch in den Sommerferien: Impfbus erm\u00f6glicht spontane Impfungen im Landkreis Kelheim<\/strong> <\/span><\/p>\n<p>Um der m\u00e4\u00dfigen Impfbereitschaft entgegenzuwirken, f\u00e4hrt ab Anfang August 2021 wieder ein Impfbus durch den Landkreis Kelheim. Das Fahrzeug sowie das jeweilige Impfteam stellt die IZ-Bayern GmbH, die auch das Impfzentrum des Landkreises Kelheim betreibt.<\/p>\n<p><span style=\"color: #000000;\"><strong>F\u00fcr Mainburg gibt es folgenden Termin: <\/strong><\/span><br \/>\n\u2022 1. Impfung: Do. 12.08.2021 \/ 2. Impfung: 02.09.2021<br \/>\n\u2022 Ort: Parkplatz EDEKA, Abensberger Str. 48, Mainburg<\/p>\n<p>&nbsp;<\/p>\n<h3>Kein Termin notwendig \u2013 Impfungen ab 12 Jahren<\/h3>\n<p>Der Impfbus macht an 13 belebten Stationen Halt, beispielsweise auf Parkpl\u00e4tzen vor Superm\u00e4rkten oder auf Marktpl\u00e4tzen. Der Fahrplan sieht vor, dass jeder der ausgew\u00e4hlten Standorte zweimal angefahren wird. Zun\u00e4chst rollt der Impfbus vom 3. bis 15. August durch den Landkreis Kelheim. Zweitimpfungen, sollten diese notwendig sein, erhalten interessierte Personen schlie\u00dflich im Zeitraum vom 24. August bis 5. September, wenn das mobile Impfteam seine zweite Runde durch die Region dreht.<\/p>\n<ul>\n<li>Impfungen-Zeiten 10.00 \u2013 18 Uhr<\/li>\n<li>Keine Anmeldung notwendig<\/li>\n<li>Impfstoffe: Biontech und Johnson &amp; Johnson<\/li>\n<li>Impfangebot gilt f\u00fcr alle Personen ab 12 Jahren, unter 18-J\u00e4hrige k\u00f6nnen mit dem Impfstoff von Biontech geimpft werden, 12- bis 16-J\u00e4hrige mit dem Einverst\u00e4ndnis und im Beisein der Eltern \u2013 nat\u00fcrlich erhalten alle unter 18-J\u00e4hrigen eine ausf\u00fchrliche \u00e4rztliche Beratung und Aufkl\u00e4rung<\/li>\n<li>Impfungen sind unabh\u00e4ngig vom Wohnort m\u00f6glich<\/li>\n<li>Vollst\u00e4ndiger Impfschutz noch in den Sommerferien<\/li>\n<\/ul>\n<p>&nbsp;<\/p>\n","protected":false},"excerpt":{"rendered":"<p class=\"qua-blog-post-description\">Vollst\u00e4ndiger Impfschutz noch in den Sommerferien: Impfbus erm\u00f6glicht spontane Impfungen im Landkreis Kelheim Um der m\u00e4\u00dfigen Impfbereitschaft entgegenzuwirken, f\u00e4hrt ab Anfang August 2021 wieder ein Impfbus durch den Landkreis Kelheim. Das Fahrzeug sowie das jeweilige Impfteam stellt die IZ-Bayern GmbH, die auch das Impfzentrum des Landkreises Kelheim betreibt. F\u00fcr Mainburg gibt es folgenden Termin: \u2022 [&hellip;]<\/p>\n","protected":false},"author":1,"featured_media":15446,"comment_status":"closed","ping_status":"closed","sticky":false,"template":"","format":"standard","meta":{"footnotes":""},"categories":[11,4],"tags":[],"_links":{"self":[{"href":"http:\/\/franns.de\/index.php?rest_route=\/wp\/v2\/posts\/15445"}],"collection":[{"href":"http:\/\/franns.de\/index.php?rest_route=\/wp\/v2\/posts"}],"about":[{"href":"http:\/\/franns.de\/index.php?rest_route=\/wp\/v2\/types\/post"}],"author":[{"embeddable":true,"href":"http:\/\/franns.de\/index.php?rest_route=\/wp\/v2\/users\/1"}],"replies":[{"embeddable":true,"href":"http:\/\/franns.de\/index.php?rest_route=%2Fwp%2Fv2%2Fcomments&post=15445"}],"version-history":[{"count":5,"href":"http:\/\/franns.de\/index.php?rest_route=\/wp\/v2\/posts\/15445\/revisions"}],"predecessor-version":[{"id":15451,"href":"http:\/\/franns.de\/index.php?rest_route=\/wp\/v2\/posts\/15445\/revisions\/15451"}],"wp:featuredmedia":[{"embeddable":true,"href":"http:\/\/franns.de\/index.php?rest_route=\/wp\/v2\/media\/15446"}],"wp:attachment":[{"href":"http:\/\/franns.de\/index.php?rest_route=%2Fwp%2Fv2%2Fmedia&parent=15445"}],"wp:term":[{"taxonomy":"category","embeddable":true,"href":"http:\/\/franns.de\/index.php?rest_route=%2Fwp%2Fv2%2Fcategories&post=15445"},{"taxonomy":"post_tag","embeddable":true,"href":"http:\/\/franns.de\/index.php?rest_route=%2Fwp%2Fv2%2Ftags&post=15445"}],"curies":[{"name":"wp","href":"https:\/\/api.w.org\/{rel}","templated":true}]}}