{"id":12498,"date":"2020-01-20T07:57:54","date_gmt":"2020-01-20T07:57:54","guid":{"rendered":"http:\/\/franns.de\/?p=12498"},"modified":"2020-01-20T07:58:20","modified_gmt":"2020-01-20T07:58:20","slug":"anmeldung-kindergaerten-2020-2021","status":"publish","type":"post","link":"http:\/\/franns.de\/?p=12498","title":{"rendered":"Anmeldung Kinderg\u00e4rten 2020\/2021"},"content":{"rendered":"<p><span style=\"color: #000000;\"><strong>Die Anmeldungen f\u00fcr das im September beginnende Betreuungsjahr 2020\/2021 in den st\u00e4dtischen Kindertageseinrichtungen in Mainburg finden am Mo. 16.03.2020 statt.<\/strong><\/span><\/p>\n<p>Einige Einrichtungen bieten vor der Einschreibung noch einen \u201eTag der offenen T\u00fcr\u201c an. Die Erziehungsberechtigten werden gebeten ihr Kind zur Anmeldung mitzubringen. Sollten interessierte Eltern am Einschreibetermin verhindert sein, so ist eine telefonische Terminvereinbarung sinnvoll. Die Einschreibungstermine und Infonachmittage der st\u00e4dtischen Kindertagesst\u00e4tten im \u00dcberblick:<\/p>\n<p><span style=\"color: #000000;\"><strong>St\u00e4dt. Kindergarten \u201eAm Gabis\u201c,<\/strong> <\/span>Am Gabis 14, Tel. 08751-3020,<br \/>\nInfonachmittag: Montag, 09. M\u00e4rz 2020 von 15 bis 17 Uhr<br \/>\nEinschreibung: Montag, 16. M\u00e4rz 2020 von 15 bis 17 Uhr<\/p>\n<p><span style=\"color: #000000;\"><strong>St\u00e4dt. Kindergarten \u201eAbenteuerland\u201c,<\/strong><\/span> Am Gabis 16, Tel. 08751-845389,<br \/>\nInfonachmittag und Einschreibung: Montag, 16. M\u00e4rz 2020 von 15 bis 18 Uhr<\/p>\n<p><span style=\"color: #000000;\"><strong>St\u00e4dt. Kindergarten \u201eSchneckenheim\u201c,<\/strong><\/span> Maurer-Jackl-Weg 6, Tel. 08751-844459,<br \/>\nInfonachmittag: Freitag, 06. M\u00e4rz 2020 von 14:30 bis 16:30 Uhr<br \/>\nEinschreibung: Montag, 16. M\u00e4rz 2020 von 13:30 bis 16:30 Uhr<\/p>\n<p><span style=\"color: #000000;\"><strong>St\u00e4dt. Kindergarten \u201eSandelzhausen\u201c,<\/strong> <\/span>Am Kindergarten 1, Tel. 08751-4788,<br \/>\nInfonachmittag: Montag, 09.M\u00e4rz 2020 von 15:30 bis 17:30 Uhr<br \/>\nEinschreibung: Montag, 16. M\u00e4rz 2020 von 15.30 Uhr bis 18.00 Uhr<\/p>\n<p><span style=\"color: #000000;\"><strong>St\u00e4dt. Kinderkrippe \u201eSpatzennest\u201c,<\/strong><\/span> Am Gabis 16 a, Tel. 08751-841668,<br \/>\nInfonachmittag und Einschreibung: Montag, 16. M\u00e4rz 2020 von 15 bis 17:30 Uhr<\/p>\n<p>Die Kindertageseinrichtungen k\u00f6nnen zu den angegebenen Zeiten nicht nur mit den Kindern besichtigt werden. Die Eltern erhalten u. a. selbstverst\u00e4ndlich auch Informationen zur p\u00e4dagogischen Arbeit und zur Konzeption.<\/p>\n<h3>Die f\u00fcnf st\u00e4dtischen Einrichtungen bieten folgende Wahlm\u00f6glichkeiten an:<\/h3>\n<p>Im Kindergarten Am Gabis in Mainburg gibt es eine Vormittagsgruppe mit einer Regel\u00f6ffnungszeit von vier oder f\u00fcnf Stunden, sowie drei \u00fcberzogene Vormittagsgruppen mit einer Regel\u00f6ffnungszeit von f\u00fcnf oder sechs Stunden. Die Kinder k\u00f6nnen dort in der Zeit von 7 bis 14 Uhr betreut werden.<\/p>\n<p>Im Kindergarten Abenteuerland befinden sich vier Regelgruppen. Bei Bedarf k\u00f6nnen im Kindergarten Abenteuerland bis zu acht Stunden gebucht werden. Die Kinder k\u00f6nnen dort in der Zeit von 7:30 bis 15:30 Uhr betreut werden. Sowohl im Kindergarten Am Gabis, als auch im Kindergarten Abenteuerland wird ein warmes Mittagessen angeboten.<\/p>\n<p>Der Ganztagskindergarten \u201eSchneckenheim\u201c befindet sich mit einer Gruppe im Altenheim St. Michael. Die Kinder k\u00f6nnen dort neun oder zehn Stunden in der Zeit von 7 bis 17 Uhr betreut werden.<\/p>\n<p>Im Kindergarten in Sandelzhausen haben die Eltern die M\u00f6glichkeit ihr Kind in drei Gruppen mit \u00d6ffnungszeiten von 7:30 bis 15:30 Uhr von vier bis acht Stunden betreuen zu lassen.<\/p>\n<p>Die Kinderkrippe \u201eSpatzennest\u201c ist letztes Jahr in den liebevoll eingerichteten Neubau Am Gabis 16 a umgezogen und nimmt Kinder im Alter zwischen ein und drei Jahren auf. Die Regelbuchungszeit betr\u00e4gt 20 Stunden pro Woche. Die Mindestbuchungszeit kann je nach Belegung auf zehn Stunden pro Woche reduziert werden. Die Regelbuchungszeit liegt in der Zeit von 7:30 bis 14:30 Uhr zwischen vier und sieben Stunden t\u00e4glich. Es k\u00f6nnen auch einzelne Wochentage gebucht werden.<\/p>\n<p><span style=\"color: #000000;\"><strong>N\u00e4here Informationen gibt es bei der Anmeldung.<\/strong><\/span><\/p>\n<p>&nbsp;<\/p>\n","protected":false},"excerpt":{"rendered":"<p class=\"qua-blog-post-description\">Die Anmeldungen f\u00fcr das im September beginnende Betreuungsjahr 2020\/2021 in den st\u00e4dtischen Kindertageseinrichtungen in Mainburg finden am Mo. 16.03.2020 statt. Einige Einrichtungen bieten vor der Einschreibung noch einen \u201eTag der offenen T\u00fcr\u201c an. Die Erziehungsberechtigten werden gebeten ihr Kind zur Anmeldung mitzubringen. Sollten interessierte Eltern am Einschreibetermin verhindert sein, so ist eine telefonische Terminvereinbarung sinnvoll. [&hellip;]<\/p>\n","protected":false},"author":1,"featured_media":12499,"comment_status":"closed","ping_status":"closed","sticky":false,"template":"","format":"standard","meta":{"footnotes":""},"categories":[11,4],"tags":[],"_links":{"self":[{"href":"http:\/\/franns.de\/index.php?rest_route=\/wp\/v2\/posts\/12498"}],"collection":[{"href":"http:\/\/franns.de\/index.php?rest_route=\/wp\/v2\/posts"}],"about":[{"href":"http:\/\/franns.de\/index.php?rest_route=\/wp\/v2\/types\/post"}],"author":[{"embeddable":true,"href":"http:\/\/franns.de\/index.php?rest_route=\/wp\/v2\/users\/1"}],"replies":[{"embeddable":true,"href":"http:\/\/franns.de\/index.php?rest_route=%2Fwp%2Fv2%2Fcomments&post=12498"}],"version-history":[{"count":2,"href":"http:\/\/franns.de\/index.php?rest_route=\/wp\/v2\/posts\/12498\/revisions"}],"predecessor-version":[{"id":12501,"href":"http:\/\/franns.de\/index.php?rest_route=\/wp\/v2\/posts\/12498\/revisions\/12501"}],"wp:featuredmedia":[{"embeddable":true,"href":"http:\/\/franns.de\/index.php?rest_route=\/wp\/v2\/media\/12499"}],"wp:attachment":[{"href":"http:\/\/franns.de\/index.php?rest_route=%2Fwp%2Fv2%2Fmedia&parent=12498"}],"wp:term":[{"taxonomy":"category","embeddable":true,"href":"http:\/\/franns.de\/index.php?rest_route=%2Fwp%2Fv2%2Fcategories&post=12498"},{"taxonomy":"post_tag","embeddable":true,"href":"http:\/\/franns.de\/index.php?rest_route=%2Fwp%2Fv2%2Ftags&post=12498"}],"curies":[{"name":"wp","href":"https:\/\/api.w.org\/{rel}","templated":true}]}}