{"id":12361,"date":"2019-12-12T14:57:22","date_gmt":"2019-12-12T14:57:22","guid":{"rendered":"http:\/\/franns.de\/?p=12361"},"modified":"2019-12-12T14:57:41","modified_gmt":"2019-12-12T14:57:41","slug":"knapp-46-millionen-euro-fuer-landkreis-kelheim-in-2020","status":"publish","type":"post","link":"http:\/\/franns.de\/?p=12361","title":{"rendered":"Knapp 46 Millionen Euro f\u00fcr Landkreis Kelheim in 2020"},"content":{"rendered":"<p><span style=\"color: #000000;\"><strong>\u00dcber 6 Millionen Euro mehr Schl\u00fcsselzuweisungen f\u00fcr die Kommunen im Landkreis Kelheim in 2020. MdL Petra H\u00f6gl: \u201eKnapp 46 Millionen Euro flie\u00dfen in den Landkreis Kelheim.\u201c<\/strong><\/span><\/p>\n<p>Wie die Kelheimer CSU-Landtagsabgeordnete Petra H\u00f6gl informiert, hat das Bayerische Finanzministerium die Schl\u00fcsselzuweisungen f\u00fcr das Jahr 2020 bekannt gegeben. Dabei flie\u00dfen knapp 46 Millionen Euro in den Landkreis Kelheim. \u201eDie Kommunen des Landkreises Kelheim erhalten 2020 aus Mitteln des kommunalen Finanzausgleichs Schl\u00fcsselzuweisungen in H\u00f6he von rund 23,2 Millionen Euro (2019: 19,3 Millionen Euro). Der Landkreis Kelheim erh\u00e4lt im n\u00e4chsten Jahr Schl\u00fcsselzuweisungen in H\u00f6he von 22,6 Millionen Euro (2019: 20,4 Millionen Euro). Dies ist eine Steigerung von \u00fcber 15 Prozent bzw. knapp 6,2 Millionen Euro auf insgesamt 45,8 Millionen Euro im Vergleich zu 39,6 Millionen Euro in 2019\u201c, freut sich H\u00f6gl.<\/p>\n<p>Bayernweit steigen die Schl\u00fcsselzuweisungen dieses Jahr um 150 Millionen Euro auf erstmals \u00fcber 4 Milliarden Euro. \u201eKein anderes Bundesland wirtschaftet so gut wie Bayern. Ich freue mich sehr dar\u00fcber, dass der Freistaat dies auch an seine Kommunen weitergibt und diese finanziell so gut unterst\u00fctzt. Vor allem Gemeinden mit einer schwachen Steuerkraft k\u00f6nnen ihre allgemeinen Verwaltungshaushalte damit nachhaltig st\u00e4rken\u201c, betont Petra H\u00f6gl. Grundlage f\u00fcr die Zuweisungen im Jahr 2020 sind die Steuereinnahmen der betreffenden Kommunen aus dem Jahr 2018. \u201eInsgesamt werden die Gemeinden und Landkreise im Jahr 2020 10,29 Milliarden Euro erhalten\u201c, sagt Petra H\u00f6gl zum kommunalen Finanzausgleich. \u201eDas ist ein neuer Rekordwert und sorgt daf\u00fcr, dass unsere Kommunen auch weiterhin massiv in die Zukunft investieren k\u00f6nnen. Es kommt den Menschen vor Ort zu Gute, dass unsere Kommunen in Bayern seit Jahren die h\u00f6chste Investitionsquote in Deutschland haben.\u201c<\/p>\n<p>Zudem wird die eigene Einnahmebasis der bayerischen Kommunen im kommenden Jahr gest\u00e4rkt. Ab dem 1. Januar 2020 f\u00e4llt die erh\u00f6hte Gewerbesteuerumlage weg. \u201eAllein dadurch stehen unseren Gemeinden und Landkreisen rund 800 Millionen Euro zus\u00e4tzlich zur Verf\u00fcgung. Das zeigt ganz eindr\u00fccklich: Der Freistaat bleibt der starke Partner unserer Kommunen in Bayern\u201c, so CSU-Landtagsabgeordnete H\u00f6gl.<\/p>\n<h3>Hintergrund<\/h3>\n<p>Die Schl\u00fcsselzuweisungen sind die gr\u00f6\u00dfte Einzelposition und Kernleistung im kommunalen Finanzausgleich und von besonderer Bedeutung f\u00fcr die kommunalen Verwaltungshaushalte. Sie haben die Aufgabe, die finanzielle Leistungsf\u00e4higkeit der Kommunen zu verbessern und Unterschiede in der Steuerkraft der Kommunen abzumildern. Die Kommunen k\u00f6nnen die Schl\u00fcsselzuweisungen eigenverantwortlich und frei zur Erf\u00fcllung ihrer Aufgaben verwenden. Dies st\u00e4rkt die kommunale Selbstverwaltung. Die unterschiedliche H\u00f6he und Entwicklung der Schl\u00fcsselzuweisungen ist Ausdruck einer von Gemeinde zu Gemeinde abweichenden Steuerkraft in dem f\u00fcr die Berechnung ma\u00dfgeblichen Zeitraum 2018.<\/p>\n<h3>Schl\u00fcsselzuweisungen 2020 in Euro (im Vergleich zu 2019)<\/h3>\n<p style=\"font-weight: 400;\">Landkreis Kelheim\u00a0\u00a0\u00a0\u00a0\u00a0\u00a0\u00a0\u00a0\u00a0\u00a0 22.659.912 (+2.230.172)<\/p>\n<p style=\"font-weight: 400;\">Abensberg\u00a0\u00a0\u00a0\u00a0\u00a0\u00a0\u00a0\u00a0\u00a0\u00a0\u00a0\u00a0\u00a0\u00a0\u00a0\u00a0\u00a0\u00a0\u00a0\u00a0\u00a0\u00a0\u00a02.891.080 (+671.172)<\/p>\n<p style=\"font-weight: 400;\">Aiglsbach\u00a0\u00a0\u00a0\u00a0\u00a0\u00a0\u00a0\u00a0\u00a0\u00a0\u00a0\u00a0\u00a0\u00a0\u00a0\u00a0\u00a0\u00a0\u00a0\u00a0\u00a0\u00a0\u00a0\u00a0\u00a0474.916 (+36.008)<\/p>\n<p style=\"font-weight: 400;\">Attenhofen\u00a0\u00a0\u00a0\u00a0\u00a0\u00a0\u00a0\u00a0\u00a0\u00a0\u00a0\u00a0\u00a0\u00a0\u00a0\u00a0\u00a0\u00a0\u00a0\u00a0\u00a0\u00a0361.756 (+17.272)<\/p>\n<p style=\"font-weight: 400;\">Bad Abbach\u00a0\u00a0\u00a0\u00a0\u00a0\u00a0\u00a0\u00a0\u00a0\u00a0\u00a0\u00a0\u00a0\u00a0\u00a0\u00a0\u00a0\u00a0\u00a0\u00a0\u00a03.260.488 (+216.944)<\/p>\n<p style=\"font-weight: 400;\">Biburg\u00a0\u00a0\u00a0\u00a0\u00a0\u00a0\u00a0\u00a0\u00a0\u00a0\u00a0\u00a0\u00a0\u00a0\u00a0\u00a0\u00a0\u00a0\u00a0\u00a0\u00a0\u00a0\u00a0\u00a0\u00a0\u00a0\u00a0\u00a0\u00a0\u00a0\u00a0279.356 (-94.320)<\/p>\n<p style=\"font-weight: 400;\">Essing\u00a0\u00a0\u00a0\u00a0\u00a0\u00a0\u00a0\u00a0\u00a0\u00a0\u00a0\u00a0\u00a0\u00a0\u00a0\u00a0\u00a0\u00a0\u00a0\u00a0\u00a0\u00a0\u00a0\u00a0\u00a0\u00a0\u00a0\u00a0\u00a0\u00a0\u00a0\u00a0287.372 (+41.772)<\/p>\n<p style=\"font-weight: 400;\">Hausen\u00a0\u00a0\u00a0\u00a0\u00a0\u00a0\u00a0\u00a0\u00a0\u00a0\u00a0\u00a0\u00a0\u00a0\u00a0\u00a0\u00a0\u00a0\u00a0\u00a0\u00a0\u00a0\u00a0\u00a0\u00a0\u00a0\u00a0\u00a0\u00a0\u00a0613.220 (+72.152)<\/p>\n<p style=\"font-weight: 400;\">Herrngiersdorf\u00a0\u00a0\u00a0\u00a0\u00a0\u00a0\u00a0\u00a0\u00a0\u00a0\u00a0\u00a0\u00a0\u00a0\u00a0\u00a0 keine (keine)<\/p>\n<p style=\"font-weight: 400;\">Ihrlerstein\u00a0\u00a0\u00a0\u00a0\u00a0\u00a0\u00a0\u00a0\u00a0\u00a0\u00a0\u00a0\u00a0\u00a0\u00a0\u00a0\u00a0\u00a0\u00a0\u00a0\u00a0\u00a0\u00a0\u00a0\u00a01.311.240 (+116.480)<\/p>\n<p style=\"font-weight: 400;\">Kelheim\u00a0\u00a0\u00a0\u00a0\u00a0\u00a0\u00a0\u00a0\u00a0\u00a0\u00a0\u00a0\u00a0\u00a0\u00a0\u00a0\u00a0\u00a0\u00a0\u00a0\u00a0\u00a0\u00a0\u00a0\u00a0\u00a0\u00a0\u00a0\u00a03.204.432 (+1.704.304)<\/p>\n<p style=\"font-weight: 400;\">Kirchdorf\u00a0\u00a0\u00a0\u00a0\u00a0\u00a0\u00a0\u00a0\u00a0\u00a0\u00a0\u00a0\u00a0\u00a0\u00a0\u00a0\u00a0\u00a0\u00a0\u00a0\u00a0\u00a0\u00a0\u00a0\u00a0\u00a0\u00a085.164 (-156.904)<\/p>\n<p style=\"font-weight: 400;\">Langquaid\u00a0\u00a0\u00a0\u00a0\u00a0\u00a0\u00a0\u00a0\u00a0\u00a0\u00a0\u00a0\u00a0\u00a0\u00a0\u00a0\u00a0\u00a0\u00a0\u00a0\u00a0\u00a0\u00a0\u00a0\u00a01.357.584 (-485.912)<\/p>\n<p style=\"font-weight: 400;\"><span style=\"color: #000000;\"><strong>Mainburg\u00a0\u00a0\u00a0\u00a0\u00a0\u00a0\u00a0\u00a0\u00a0\u00a0\u00a0\u00a0\u00a0\u00a0\u00a0\u00a0\u00a0\u00a0\u00a0\u00a0\u00a0\u00a0\u00a0\u00a0\u00a0\u00a01.821.292 (+702.588)<\/strong><\/span><\/p>\n<p style=\"font-weight: 400;\">Neustadt a.d. Donau\u00a0\u00a0\u00a0\u00a0\u00a0 366.996 (+366.996)<\/p>\n<p style=\"font-weight: 400;\">Painten\u00a0\u00a0\u00a0\u00a0\u00a0\u00a0\u00a0\u00a0\u00a0\u00a0\u00a0\u00a0\u00a0\u00a0\u00a0\u00a0\u00a0\u00a0\u00a0\u00a0\u00a0\u00a0\u00a0\u00a0\u00a0\u00a0\u00a0\u00a0\u00a0361.868 (+92.224)<\/p>\n<p style=\"font-weight: 400;\">Elsendorf\u00a0\u00a0\u00a0\u00a0\u00a0\u00a0\u00a0\u00a0\u00a0\u00a0\u00a0\u00a0\u00a0\u00a0\u00a0\u00a0\u00a0\u00a0\u00a0\u00a0\u00a0\u00a0\u00a0\u00a0\u00a0\u00a0445.856 (+25.240)<\/p>\n<p style=\"font-weight: 400;\">Riedenburg\u00a0\u00a0\u00a0\u00a0\u00a0\u00a0\u00a0\u00a0\u00a0\u00a0\u00a0\u00a0\u00a0\u00a0\u00a0\u00a0\u00a0\u00a0\u00a0\u00a0\u00a0\u00a01.818.000 (+156.004)<\/p>\n<p style=\"font-weight: 400;\">Rohr i.NB\u00a0\u00a0\u00a0\u00a0\u00a0\u00a0\u00a0\u00a0\u00a0\u00a0\u00a0\u00a0\u00a0\u00a0\u00a0\u00a0\u00a0\u00a0\u00a0\u00a0\u00a0\u00a0\u00a0\u00a0\u00a0\u00a01.155.812 (+67.056)<\/p>\n<p style=\"font-weight: 400;\">Saal a.d.Donau\u00a0\u00a0\u00a0\u00a0\u00a0\u00a0\u00a0\u00a0\u00a0\u00a0\u00a0\u00a0\u00a0\u00a0\u00a0\u00a0438.716 (+305.388)<\/p>\n<p style=\"font-weight: 400;\">Siegenburg\u00a0\u00a0\u00a0\u00a0\u00a0\u00a0\u00a0\u00a0\u00a0\u00a0\u00a0\u00a0\u00a0\u00a0\u00a0\u00a0\u00a0\u00a0\u00a0\u00a0\u00a0\u00a0\u00a01.189.652 (+72.548)<\/p>\n<p style=\"font-weight: 400;\">Teugn\u00a0\u00a0\u00a0\u00a0\u00a0\u00a0\u00a0\u00a0\u00a0\u00a0\u00a0\u00a0\u00a0\u00a0\u00a0\u00a0\u00a0\u00a0\u00a0\u00a0\u00a0\u00a0\u00a0\u00a0\u00a0\u00a0\u00a0\u00a0\u00a0\u00a0\u00a0\u00a0473.904 (+43.156)<\/p>\n<p style=\"font-weight: 400;\">Train\u00a0\u00a0\u00a0\u00a0\u00a0\u00a0\u00a0\u00a0\u00a0\u00a0\u00a0\u00a0\u00a0\u00a0\u00a0\u00a0\u00a0\u00a0\u00a0\u00a0\u00a0\u00a0\u00a0\u00a0\u00a0\u00a0\u00a0\u00a0\u00a0\u00a0\u00a0\u00a0\u00a0\u00a0117.456 (-60.172)<\/p>\n<p style=\"font-weight: 400;\">Volkenschwand\u00a0\u00a0\u00a0\u00a0\u00a0\u00a0\u00a0\u00a0\u00a0\u00a0\u00a0\u00a0\u00a0\u00a0\u00a0589.556 (+91.772)<\/p>\n<p style=\"font-weight: 400;\">Wildenberg\u00a0\u00a0\u00a0\u00a0\u00a0\u00a0\u00a0\u00a0\u00a0\u00a0\u00a0\u00a0\u00a0\u00a0\u00a0\u00a0\u00a0\u00a0\u00a0\u00a0\u00a0\u00a0298.628 (-57.932)<\/p>\n<p style=\"font-weight: 400;\"><strong>Insgesamt\u00a0\u00a0\u00a0\u00a0\u00a0\u00a0\u00a0\u00a0\u00a0\u00a0\u00a0\u00a0\u00a0\u00a0\u00a0\u00a0\u00a0\u00a0\u00a0\u00a0\u00a0\u00a0\u00a0\u00a045.864.256 (+6.174.008)<\/strong><\/p>\n<p>&nbsp;<\/p>\n","protected":false},"excerpt":{"rendered":"<p class=\"qua-blog-post-description\">\u00dcber 6 Millionen Euro mehr Schl\u00fcsselzuweisungen f\u00fcr die Kommunen im Landkreis Kelheim in 2020. MdL Petra H\u00f6gl: \u201eKnapp 46 Millionen Euro flie\u00dfen in den Landkreis Kelheim.\u201c Wie die Kelheimer CSU-Landtagsabgeordnete Petra H\u00f6gl informiert, hat das Bayerische Finanzministerium die Schl\u00fcsselzuweisungen f\u00fcr das Jahr 2020 bekannt gegeben. Dabei flie\u00dfen knapp 46 Millionen Euro in den Landkreis Kelheim. [&hellip;]<\/p>\n","protected":false},"author":1,"featured_media":12362,"comment_status":"closed","ping_status":"closed","sticky":false,"template":"","format":"standard","meta":{"footnotes":""},"categories":[11,6,4],"tags":[],"_links":{"self":[{"href":"http:\/\/franns.de\/index.php?rest_route=\/wp\/v2\/posts\/12361"}],"collection":[{"href":"http:\/\/franns.de\/index.php?rest_route=\/wp\/v2\/posts"}],"about":[{"href":"http:\/\/franns.de\/index.php?rest_route=\/wp\/v2\/types\/post"}],"author":[{"embeddable":true,"href":"http:\/\/franns.de\/index.php?rest_route=\/wp\/v2\/users\/1"}],"replies":[{"embeddable":true,"href":"http:\/\/franns.de\/index.php?rest_route=%2Fwp%2Fv2%2Fcomments&post=12361"}],"version-history":[{"count":2,"href":"http:\/\/franns.de\/index.php?rest_route=\/wp\/v2\/posts\/12361\/revisions"}],"predecessor-version":[{"id":12364,"href":"http:\/\/franns.de\/index.php?rest_route=\/wp\/v2\/posts\/12361\/revisions\/12364"}],"wp:featuredmedia":[{"embeddable":true,"href":"http:\/\/franns.de\/index.php?rest_route=\/wp\/v2\/media\/12362"}],"wp:attachment":[{"href":"http:\/\/franns.de\/index.php?rest_route=%2Fwp%2Fv2%2Fmedia&parent=12361"}],"wp:term":[{"taxonomy":"category","embeddable":true,"href":"http:\/\/franns.de\/index.php?rest_route=%2Fwp%2Fv2%2Fcategories&post=12361"},{"taxonomy":"post_tag","embeddable":true,"href":"http:\/\/franns.de\/index.php?rest_route=%2Fwp%2Fv2%2Ftags&post=12361"}],"curies":[{"name":"wp","href":"https:\/\/api.w.org\/{rel}","templated":true}]}}