{"id":11845,"date":"2019-09-09T14:54:43","date_gmt":"2019-09-09T14:54:43","guid":{"rendered":"http:\/\/franns.de\/?p=11845"},"modified":"2019-09-09T15:08:13","modified_gmt":"2019-09-09T15:08:13","slug":"gruendung-ortsverband-junge-oekologen-mainburg-hallertau","status":"publish","type":"post","link":"http:\/\/franns.de\/?p=11845","title":{"rendered":"Gr\u00fcndung Ortsverband Junge \u00d6kologen Mainburg-Hallertau"},"content":{"rendered":"<p><span style=\"color: #000000;\"><strong>Am So. 15.09.2019, 17:00 Uhr findet im Bistro-Caf\u00e9 La Vie die <a href=\"https:\/\/www.facebook.com\/events\/482940825863863\/\" target=\"_blank\" rel=\"noopener noreferrer\">Gr\u00fcndungsversammlung eines Junge \u00d6kologen (J\u00d6) Verbandes Mainburg-Hallertau<\/a> statt. <\/strong><\/span><\/p>\n<p>Die <a href=\"https:\/\/www.jungeoekologen.de\/\" target=\"_blank\" rel=\"noopener noreferrer\">Jungen \u00d6kologen<\/a> sind die Nachwuchsorgansation der \u00d6DP. Vor der eigentlichen Gr\u00fcndungsversammlung erfolgt eine <span style=\"color: #000000;\"><strong>Baumpflanzaktion<\/strong><\/span>. Treffpunkt ist um 15:00 Uhr am Griesplatz bei der Stadthalle. Alle interessierten jungen Leute zwischen 14 und 33 Jahren aus Mainburg und Umgebung, denen \u00d6kologie und Demokratie am Herzen liegt, sind dazu herzlich eingeladen.<\/p>\n<p><span style=\"color: #000000;\"><strong>Informationen und Ausk\u00fcnfte<\/strong><\/span> erteilt \u00d6DP-Ortsvorsitzender Bernd Wimmer:<br \/>\n\u2022 E-Mail: <a href=\"mailto:wimmer@hallertau.net\">wimmer@hallertau.net<\/a><br \/>\n\u2022 Tel. 01577 3056094<\/p>\n<p><span style=\"color: #000000;\"><strong>Junge \u00d6kologen Mainburg auf Instagram:<\/strong><\/span><br \/>\n<a href=\"https:\/\/www.instagram.com\/jungeoekologen_mainburg\/\" target=\"_blank\" rel=\"noopener noreferrer\">www.instagram.com\/jungeoekologen_mainburg<\/a><\/p>\n","protected":false},"excerpt":{"rendered":"<p class=\"qua-blog-post-description\">Am So. 15.09.2019, 17:00 Uhr findet im Bistro-Caf\u00e9 La Vie die Gr\u00fcndungsversammlung eines Junge \u00d6kologen (J\u00d6) Verbandes Mainburg-Hallertau statt. Die Jungen \u00d6kologen sind die Nachwuchsorgansation der \u00d6DP. Vor der eigentlichen Gr\u00fcndungsversammlung erfolgt eine Baumpflanzaktion. Treffpunkt ist um 15:00 Uhr am Griesplatz bei der Stadthalle. Alle interessierten jungen Leute zwischen 14 und 33 Jahren aus Mainburg [&hellip;]<\/p>\n","protected":false},"author":1,"featured_media":11846,"comment_status":"closed","ping_status":"closed","sticky":false,"template":"","format":"standard","meta":{"footnotes":""},"categories":[11,6,4],"tags":[],"_links":{"self":[{"href":"http:\/\/franns.de\/index.php?rest_route=\/wp\/v2\/posts\/11845"}],"collection":[{"href":"http:\/\/franns.de\/index.php?rest_route=\/wp\/v2\/posts"}],"about":[{"href":"http:\/\/franns.de\/index.php?rest_route=\/wp\/v2\/types\/post"}],"author":[{"embeddable":true,"href":"http:\/\/franns.de\/index.php?rest_route=\/wp\/v2\/users\/1"}],"replies":[{"embeddable":true,"href":"http:\/\/franns.de\/index.php?rest_route=%2Fwp%2Fv2%2Fcomments&post=11845"}],"version-history":[{"count":3,"href":"http:\/\/franns.de\/index.php?rest_route=\/wp\/v2\/posts\/11845\/revisions"}],"predecessor-version":[{"id":11849,"href":"http:\/\/franns.de\/index.php?rest_route=\/wp\/v2\/posts\/11845\/revisions\/11849"}],"wp:featuredmedia":[{"embeddable":true,"href":"http:\/\/franns.de\/index.php?rest_route=\/wp\/v2\/media\/11846"}],"wp:attachment":[{"href":"http:\/\/franns.de\/index.php?rest_route=%2Fwp%2Fv2%2Fmedia&parent=11845"}],"wp:term":[{"taxonomy":"category","embeddable":true,"href":"http:\/\/franns.de\/index.php?rest_route=%2Fwp%2Fv2%2Fcategories&post=11845"},{"taxonomy":"post_tag","embeddable":true,"href":"http:\/\/franns.de\/index.php?rest_route=%2Fwp%2Fv2%2Ftags&post=11845"}],"curies":[{"name":"wp","href":"https:\/\/api.w.org\/{rel}","templated":true}]}}