{"id":10987,"date":"2018-12-10T14:44:31","date_gmt":"2018-12-10T14:44:31","guid":{"rendered":"http:\/\/franns.de\/?p=10987"},"modified":"2018-12-10T14:55:01","modified_gmt":"2018-12-10T14:55:01","slug":"vivas-saisonstart-2019","status":"publish","type":"post","link":"http:\/\/franns.de\/?p=10987","title":{"rendered":"Vivas Saisonstart 2019"},"content":{"rendered":"<p>Auf Hochtouren laufen derzeit die Vorbereitungen der drei Tanzgruppen des TV Meilenhofen f\u00fcr das neue Programm, das ab 2019 bestaunt werden kann.<\/p>\n<p>Die T\u00e4nzerinnen und T\u00e4nzer der VivaGirls&amp;Boys, VivaTeens und VivaMinis k\u00f6nnen es kaum noch erwarten, in der neuen Saison die Zuschauer mit ihren spektakul\u00e4ren Hebefiguren und Choreografien zu begeistern. Als erstes d\u00fcrfen sich die Besucher der <span style=\"color: #000000;\"><strong>Premierenfeier am 06.01.2019, 14:30 Uhr<\/strong><\/span> auf die neuen Programme freuen. Diese findet zum wiederholten Male in der Elsendorfer Turnhalle statt, zu der alle Freunde und Fans herzlich eingeladen sind.<\/p>\n<p>Buchen kann man die drei Gruppen bereits jetzt schon, finden doch in den n\u00e4chsten Wochen zahlreiche B\u00e4lle und Faschingspartys statt, die gern mit Tanzdarbietungen bereichert werden. Reservierung: Fam. Schuller Tel. 08753 1226 oder online <a href=\"http:\/\/www.vivagirls.de\/\" target=\"_blank\" rel=\"noopener\">www.vivagirls.de<\/a><\/p>\n","protected":false},"excerpt":{"rendered":"<p class=\"qua-blog-post-description\">Auf Hochtouren laufen derzeit die Vorbereitungen der drei Tanzgruppen des TV Meilenhofen f\u00fcr das neue Programm, das ab 2019 bestaunt werden kann. Die T\u00e4nzerinnen und T\u00e4nzer der VivaGirls&amp;Boys, VivaTeens und VivaMinis k\u00f6nnen es kaum noch erwarten, in der neuen Saison die Zuschauer mit ihren spektakul\u00e4ren Hebefiguren und Choreografien zu begeistern. Als erstes d\u00fcrfen sich die [&hellip;]<\/p>\n","protected":false},"author":1,"featured_media":10988,"comment_status":"closed","ping_status":"closed","sticky":false,"template":"","format":"standard","meta":{"footnotes":""},"categories":[11,6,5,4],"tags":[],"_links":{"self":[{"href":"http:\/\/franns.de\/index.php?rest_route=\/wp\/v2\/posts\/10987"}],"collection":[{"href":"http:\/\/franns.de\/index.php?rest_route=\/wp\/v2\/posts"}],"about":[{"href":"http:\/\/franns.de\/index.php?rest_route=\/wp\/v2\/types\/post"}],"author":[{"embeddable":true,"href":"http:\/\/franns.de\/index.php?rest_route=\/wp\/v2\/users\/1"}],"replies":[{"embeddable":true,"href":"http:\/\/franns.de\/index.php?rest_route=%2Fwp%2Fv2%2Fcomments&post=10987"}],"version-history":[{"count":1,"href":"http:\/\/franns.de\/index.php?rest_route=\/wp\/v2\/posts\/10987\/revisions"}],"predecessor-version":[{"id":10989,"href":"http:\/\/franns.de\/index.php?rest_route=\/wp\/v2\/posts\/10987\/revisions\/10989"}],"wp:featuredmedia":[{"embeddable":true,"href":"http:\/\/franns.de\/index.php?rest_route=\/wp\/v2\/media\/10988"}],"wp:attachment":[{"href":"http:\/\/franns.de\/index.php?rest_route=%2Fwp%2Fv2%2Fmedia&parent=10987"}],"wp:term":[{"taxonomy":"category","embeddable":true,"href":"http:\/\/franns.de\/index.php?rest_route=%2Fwp%2Fv2%2Fcategories&post=10987"},{"taxonomy":"post_tag","embeddable":true,"href":"http:\/\/franns.de\/index.php?rest_route=%2Fwp%2Fv2%2Ftags&post=10987"}],"curies":[{"name":"wp","href":"https:\/\/api.w.org\/{rel}","templated":true}]}}