{"id":10978,"date":"2018-12-09T21:25:16","date_gmt":"2018-12-09T21:25:16","guid":{"rendered":"http:\/\/franns.de\/?p=10978"},"modified":"2018-12-10T21:34:20","modified_gmt":"2018-12-10T21:34:20","slug":"faszinierende-insektenwelt-libellen-im-landkreis-kelheim","status":"publish","type":"post","link":"http:\/\/franns.de\/?p=10978","title":{"rendered":"Faszinierende Insektenwelt &#8211; Libellen im Landkreis Kelheim"},"content":{"rendered":"<p>Judith Knitl, ausgebildete F\u00f6rsterin aus Kelheim, hat vor Jahren ihre Liebe zur Insektenordnung der Libellen entdeckt. Im November 2018 hat sie im Gasthaus Seidlbr\u00e4u beim <a href=\"https:\/\/kelheim.bund-naturschutz.de\/ortsgruppen\/mainburg.html\" target=\"_blank\" rel=\"noopener\">Bund Naturschutz Mainburg<\/a> dazu vorgetragen.<\/p>\n<p>Die Libellen sind eine der wenigen Insektengruppen, die in den letzten beiden Jahrzehnten nicht stark zur\u00fcckgegangen sind, einige Arten konnten sich im Bestand sogar deutlich erholen. Als Grund daf\u00fcr wird angenommen, dass sich die Gew\u00e4sserqualit\u00e4t durch die Optimierung und den Ausbau der Kl\u00e4ranlagen signifikant verbessert hat und die in der Landwirtschaft aktuell eingesetzten Insektizide auf die Wassertiere weniger giftig wirken als fr\u00fcher. Zu bedenken ist dabei, dass der Einbruch im Libellenbestand schon in den 1950iger Jahren stattfand und die Erholung von einem niedrigen Grundniveau ausgeht.<\/p>\n<p>Judith Knitl konnte in den letzten Jahren von 76 in Bayern vorkommenden Arten 46 im Landkreis Kelheim nachweisen. Sie ist oft mit der Kamera bewaffnet, um die Tiere in ihrem Lebensraum abzulichten. <span style=\"color: #000000;\"><strong>So entstand auch das Bild zu diesem Beitrag: Paarungsrad der Gro\u00dfen Pechlibelle<\/strong> <\/span>(ISCHURA ELEGANS).<\/p>\n<p>Die fliegenden Edelsteine sind eine alte Form in der Evolution, deren Larvenstadium meist 1 bis 3 Jahre im Wasser stattfindet, bevor die fertigen Libellen ein paar Wochen fliegen und dann absterben.<\/p>\n<p>Es gibt dabei wenige Ausnahmen, wie die unscheinbare im Aiglsbacher Forstmoos vorkommende Winterlibelle, die an Schilf h\u00e4ngend \u00fcberwintert und Temperaturen weit unter Null \u00fcberstehen kann. Die v\u00f6llig harmlosen Insektenj\u00e4ger pr\u00e4sentieren sich als \u00e4u\u00dferst vielf\u00e4ltige Artengruppe. Setzt euch im Sommer doch einfach mal an einen naturnahen Gartenteich oder Bach und beobachten ihr Treiben.<\/p>\n<p>Kontkat: <a href=\"https:\/\/kelheim.bund-naturschutz.de\/ortsgruppen\/mainburg.html\">https:\/\/kelheim.bund-naturschutz.de\/ortsgruppen\/mainburg.html<\/a><br \/>\nText: Konrad P\u00f6ppel (Vorsitzender <a href=\"https:\/\/kelheim.bund-naturschutz.de\/ortsgruppen\/mainburg.html\" target=\"_blank\" rel=\"noopener\">Bund Naturschutz Mainburg<\/a>)<\/p>\n","protected":false},"excerpt":{"rendered":"<p class=\"qua-blog-post-description\">Judith Knitl, ausgebildete F\u00f6rsterin aus Kelheim, hat vor Jahren ihre Liebe zur Insektenordnung der Libellen entdeckt. Im November 2018 hat sie im Gasthaus Seidlbr\u00e4u beim Bund Naturschutz Mainburg dazu vorgetragen. Die Libellen sind eine der wenigen Insektengruppen, die in den letzten beiden Jahrzehnten nicht stark zur\u00fcckgegangen sind, einige Arten konnten sich im Bestand sogar deutlich [&hellip;]<\/p>\n","protected":false},"author":1,"featured_media":10979,"comment_status":"closed","ping_status":"closed","sticky":false,"template":"","format":"standard","meta":{"footnotes":""},"categories":[6,4],"tags":[],"_links":{"self":[{"href":"http:\/\/franns.de\/index.php?rest_route=\/wp\/v2\/posts\/10978"}],"collection":[{"href":"http:\/\/franns.de\/index.php?rest_route=\/wp\/v2\/posts"}],"about":[{"href":"http:\/\/franns.de\/index.php?rest_route=\/wp\/v2\/types\/post"}],"author":[{"embeddable":true,"href":"http:\/\/franns.de\/index.php?rest_route=\/wp\/v2\/users\/1"}],"replies":[{"embeddable":true,"href":"http:\/\/franns.de\/index.php?rest_route=%2Fwp%2Fv2%2Fcomments&post=10978"}],"version-history":[{"count":4,"href":"http:\/\/franns.de\/index.php?rest_route=\/wp\/v2\/posts\/10978\/revisions"}],"predecessor-version":[{"id":10998,"href":"http:\/\/franns.de\/index.php?rest_route=\/wp\/v2\/posts\/10978\/revisions\/10998"}],"wp:featuredmedia":[{"embeddable":true,"href":"http:\/\/franns.de\/index.php?rest_route=\/wp\/v2\/media\/10979"}],"wp:attachment":[{"href":"http:\/\/franns.de\/index.php?rest_route=%2Fwp%2Fv2%2Fmedia&parent=10978"}],"wp:term":[{"taxonomy":"category","embeddable":true,"href":"http:\/\/franns.de\/index.php?rest_route=%2Fwp%2Fv2%2Fcategories&post=10978"},{"taxonomy":"post_tag","embeddable":true,"href":"http:\/\/franns.de\/index.php?rest_route=%2Fwp%2Fv2%2Ftags&post=10978"}],"curies":[{"name":"wp","href":"https:\/\/api.w.org\/{rel}","templated":true}]}}