{"id":10431,"date":"2018-07-24T20:03:39","date_gmt":"2018-07-24T20:03:39","guid":{"rendered":"http:\/\/franns.de\/?p=10431"},"modified":"2018-07-24T20:06:24","modified_gmt":"2018-07-24T20:06:24","slug":"gemeinsame-aktion-der-oedp-mainburg-und-landshut","status":"publish","type":"post","link":"http:\/\/franns.de\/?p=10431","title":{"rendered":"Gemeinsame Aktion der \u00d6DP Mainburg und Landshut"},"content":{"rendered":"<p><img decoding=\"async\" loading=\"lazy\" class=\"alignnone size-full wp-image-10432\" src=\"http:\/\/franns.de\/wp-content\/uploads\/2018\/07\/OEDP-Flaechenfrass-stoppen-Betonflut-eindaemen-2018-Juli.jpg\" alt=\"\" width=\"480\" height=\"220\" srcset=\"http:\/\/franns.de\/wp-content\/uploads\/2018\/07\/OEDP-Flaechenfrass-stoppen-Betonflut-eindaemen-2018-Juli.jpg 480w, http:\/\/franns.de\/wp-content\/uploads\/2018\/07\/OEDP-Flaechenfrass-stoppen-Betonflut-eindaemen-2018-Juli-300x138.jpg 300w\" sizes=\"(max-width: 480px) 100vw, 480px\" \/><\/p>\n<p>Erst in der vergangenen Woche am 17.07.2018 hat der Bayerische Verfassungsgerichtshof das Volksbegehren gegen Fl\u00e4chenfra\u00df \u201eBetonflut eind\u00e4mmen\u201c abgelehnt. Laut dem Gericht schr\u00e4nken die Ziele des Volksbegehrens die kommunale Planungshoheit unzul\u00e4ssig ein.<\/p>\n<p>Trotzdem will die \u00d6DP den Kampf gegen den Fl\u00e4chenfra\u00df mit verschiedenen Aktionen und Veranstaltungen fortsetzen. Dazu hat die \u00d6DP Mainburg den Fl\u00e4chenfra\u00df pro Minute in Bayern anschaulich dargestellt \u2013 siehe Foto. Jeden Tag verschwindet etwa die Fl\u00e4che von 14 Fu\u00dfballfeldern unter Beton und Asphalt. Damit wird in weniger als zwei Jahren eine Fl\u00e4che verbraucht, die dem gesamten Stadtgebiet von Landshut entspricht.<\/p>\n","protected":false},"excerpt":{"rendered":"<p class=\"qua-blog-post-description\">Kampf gegen Fl\u00e4chenfra\u00df geht weiter<\/p>\n","protected":false},"author":1,"featured_media":0,"comment_status":"closed","ping_status":"closed","sticky":false,"template":"","format":"standard","meta":{"footnotes":""},"categories":[11,6,4],"tags":[],"_links":{"self":[{"href":"http:\/\/franns.de\/index.php?rest_route=\/wp\/v2\/posts\/10431"}],"collection":[{"href":"http:\/\/franns.de\/index.php?rest_route=\/wp\/v2\/posts"}],"about":[{"href":"http:\/\/franns.de\/index.php?rest_route=\/wp\/v2\/types\/post"}],"author":[{"embeddable":true,"href":"http:\/\/franns.de\/index.php?rest_route=\/wp\/v2\/users\/1"}],"replies":[{"embeddable":true,"href":"http:\/\/franns.de\/index.php?rest_route=%2Fwp%2Fv2%2Fcomments&post=10431"}],"version-history":[{"count":3,"href":"http:\/\/franns.de\/index.php?rest_route=\/wp\/v2\/posts\/10431\/revisions"}],"predecessor-version":[{"id":10435,"href":"http:\/\/franns.de\/index.php?rest_route=\/wp\/v2\/posts\/10431\/revisions\/10435"}],"wp:attachment":[{"href":"http:\/\/franns.de\/index.php?rest_route=%2Fwp%2Fv2%2Fmedia&parent=10431"}],"wp:term":[{"taxonomy":"category","embeddable":true,"href":"http:\/\/franns.de\/index.php?rest_route=%2Fwp%2Fv2%2Fcategories&post=10431"},{"taxonomy":"post_tag","embeddable":true,"href":"http:\/\/franns.de\/index.php?rest_route=%2Fwp%2Fv2%2Ftags&post=10431"}],"curies":[{"name":"wp","href":"https:\/\/api.w.org\/{rel}","templated":true}]}}